{"id":2673,"date":"2024-06-05T15:10:30","date_gmt":"2024-06-05T13:10:30","guid":{"rendered":"https:\/\/agora.xtec.cat\/ietorrelles\/?p=2673"},"modified":"2024-06-05T16:50:43","modified_gmt":"2024-06-05T14:50:43","slug":"ultima-obra-de-teatre-de-la-comunitat-de-grans","status":"publish","type":"post","link":"https:\/\/agora.xtec.cat\/ietorrelles\/eso-2\/primaria\/ultima-obra-de-teatre-de-la-comunitat-de-grans\/","title":{"rendered":"L&#8217;AVENTURA A LA TERRA DELS LLIBRES PERDUTS"},"content":{"rendered":"<p>L&#8217;alumnat de la comunitat de grans de l&#8217;Institut Escola de Torrelles ha fet gala del seu talent art\u00edstic amb una representaci\u00f3 teatral dirigida tant a la comunitat de joves com als membres de la comunitat de grans i les seves fam\u00edlies. L&#8217;esdeveniment, que ha tingut lloc a l&#8217;escenari de l&#8217;Ateneu Torrellenc, ha estat una experi\u00e8ncia inoblidable per a tots els assistents.<\/p>\n<p>Despr\u00e9s de la funci\u00f3, acompanyats per la Marina, l&#8217;alumnat ha participat en una din\u00e0mica reflexiva sobre els sentiments i les emocions que han sorgit durant la representaci\u00f3, aix\u00ed com les experi\u00e8ncies i aprenentatges que n&#8217;han derivat en tot el proc\u00e9s.<\/p>\n<p>Ja teniu les fotografies i el v\u00eddeo de l&#8217;obra de teatre al DRIVE!<a href=\"https:\/\/agora.xtec.cat\/ietorrelles\/wp-content\/uploads\/usu2293\/2024\/06\/IMG_4531-1-scaled.jpg\"><img loading=\"lazy\" decoding=\"async\" class=\"alignnone size-full wp-image-2674\" src=\"https:\/\/agora.xtec.cat\/ietorrelles\/wp-content\/uploads\/usu2293\/2024\/06\/IMG_4531-1-scaled.jpg\" alt=\"\" width=\"2560\" height=\"1920\" srcset=\"https:\/\/agora.xtec.cat\/ietorrelles\/wp-content\/uploads\/usu2293\/2024\/06\/IMG_4531-1-scaled.jpg 2560w, https:\/\/agora.xtec.cat\/ietorrelles\/wp-content\/uploads\/usu2293\/2024\/06\/IMG_4531-1-300x225.jpg 300w, https:\/\/agora.xtec.cat\/ietorrelles\/wp-content\/uploads\/usu2293\/2024\/06\/IMG_4531-1-1024x768.jpg 1024w, https:\/\/agora.xtec.cat\/ietorrelles\/wp-content\/uploads\/usu2293\/2024\/06\/IMG_4531-1-768x576.jpg 768w, https:\/\/agora.xtec.cat\/ietorrelles\/wp-content\/uploads\/usu2293\/2024\/06\/IMG_4531-1-1536x1152.jpg 1536w, https:\/\/agora.xtec.cat\/ietorrelles\/wp-content\/uploads\/usu2293\/2024\/06\/IMG_4531-1-2048x1536.jpg 2048w, https:\/\/agora.xtec.cat\/ietorrelles\/wp-content\/uploads\/usu2293\/2024\/06\/IMG_4531-1-200x150.jpg 200w\" sizes=\"auto, (max-width: 2560px) 100vw, 2560px\" \/><\/a><\/p>\n","protected":false},"excerpt":{"rendered":"<p>L&#8217;alumnat de la comunitat de grans de l&#8217;Institut Escola de Torrelles ha fet gala del seu talent art\u00edstic amb una representaci\u00f3 teatral dirigida tant a la comunitat de joves com als membres de la comunitat de grans i les seves fam\u00edlies. L&#8217;esdeveniment, que ha tingut&hellip;  <a href=\"https:\/\/agora.xtec.cat\/ietorrelles\/eso-2\/primaria\/ultima-obra-de-teatre-de-la-comunitat-de-grans\/\" title=\"Read L&#8217;AVENTURA A LA TERRA DELS LLIBRES PERDUTS\">Llegeix m\u00e9s\u00bb<\/a><\/p>\n","protected":false},"author":68,"featured_media":2674,"comment_status":"open","ping_status":"closed","sticky":false,"template":"","format":"standard","meta":{"_bbp_topic_count":0,"_bbp_reply_count":0,"_bbp_total_topic_count":0,"_bbp_total_reply_count":0,"_bbp_voice_count":0,"_bbp_anonymous_reply_count":0,"_bbp_topic_count_hidden":0,"_bbp_reply_count_hidden":0,"_bbp_forum_subforum_count":0,"footnotes":""},"categories":[13,14,15,5],"tags":[],"class_list":["post-2673","post","type-post","status-publish","format-standard","has-post-thumbnail","hentry","category-4t","category-5e","category-6e","category-primaria"],"post_mailing_queue_ids":[],"_links":{"self":[{"href":"https:\/\/agora.xtec.cat\/ietorrelles\/wp-json\/wp\/v2\/posts\/2673","targetHints":{"allow":["GET"]}}],"collection":[{"href":"https:\/\/agora.xtec.cat\/ietorrelles\/wp-json\/wp\/v2\/posts"}],"about":[{"href":"https:\/\/agora.xtec.cat\/ietorrelles\/wp-json\/wp\/v2\/types\/post"}],"author":[{"embeddable":true,"href":"https:\/\/agora.xtec.cat\/ietorrelles\/wp-json\/wp\/v2\/users\/68"}],"replies":[{"embeddable":true,"href":"https:\/\/agora.xtec.cat\/ietorrelles\/wp-json\/wp\/v2\/comments?post=2673"}],"version-history":[{"count":2,"href":"https:\/\/agora.xtec.cat\/ietorrelles\/wp-json\/wp\/v2\/posts\/2673\/revisions"}],"predecessor-version":[{"id":2676,"href":"https:\/\/agora.xtec.cat\/ietorrelles\/wp-json\/wp\/v2\/posts\/2673\/revisions\/2676"}],"wp:featuredmedia":[{"embeddable":true,"href":"https:\/\/agora.xtec.cat\/ietorrelles\/wp-json\/wp\/v2\/media\/2674"}],"wp:attachment":[{"href":"https:\/\/agora.xtec.cat\/ietorrelles\/wp-json\/wp\/v2\/media?parent=2673"}],"wp:term":[{"taxonomy":"category","embeddable":true,"href":"https:\/\/agora.xtec.cat\/ietorrelles\/wp-json\/wp\/v2\/categories?post=2673"},{"taxonomy":"post_tag","embeddable":true,"href":"https:\/\/agora.xtec.cat\/ietorrelles\/wp-json\/wp\/v2\/tags?post=2673"}],"curies":[{"name":"wp","href":"https:\/\/api.w.org\/{rel}","templated":true}]}}