{"id":2659,"date":"2024-05-30T17:44:29","date_gmt":"2024-05-30T15:44:29","guid":{"rendered":"https:\/\/agora.xtec.cat\/ietorrelles\/?p=2659"},"modified":"2024-05-30T17:44:29","modified_gmt":"2024-05-30T15:44:29","slug":"visita-de-malang-sambou-a-linstitut-escola-de-torrelles","status":"publish","type":"post","link":"https:\/\/agora.xtec.cat\/ietorrelles\/eso-2\/visita-de-malang-sambou-a-linstitut-escola-de-torrelles\/","title":{"rendered":"Visita de Malang Sambou a l&#8217;Institut Escola de Torrelles"},"content":{"rendered":"<p>Avui, dins del nostre projecte d&#8217;Educaci\u00f3 i Cooperaci\u00f3 de l&#8217;Institut Escola de Torrelles, hem tingut el privilegi de rebre en Malang\u00a0<span class=\"hiddenSpellError\">Sambou<\/span>\u00a0a l&#8217;Institut Escola de Torrelles. En Malang ha compartit el seu temps amb l&#8217;alumnat de 2n d&#8217;ESO, parlant sobre la import\u00e0ncia de les lleng\u00fces a G\u00e0mbia, les difer\u00e8ncies en el sistema educatiu i com es treballa l&#8217;educaci\u00f3 f\u00edsica en el seu pa\u00eds.<br \/>\nA m\u00e9s, ha visitat l&#8217;alumnat de 1r de prim\u00e0ria a l&#8217;edifici verd, on ha realitzat un taller de danses africanes i ha parlat sobre la cultura de G\u00e0mbia. Ha estat una sessi\u00f3 molt enriquidora per a tot i totes on han pogut aprendre de primera m\u00e0 sobre una cultura diferent a\u00a0la nostra.<a href=\"https:\/\/agora.xtec.cat\/ietorrelles\/wp-content\/uploads\/usu2293\/2024\/05\/WhatsApp-Image-2024-05-30-at-9.27.28-AM.jpeg\"><img loading=\"lazy\" decoding=\"async\" class=\"alignnone size-full wp-image-2660\" src=\"https:\/\/agora.xtec.cat\/ietorrelles\/wp-content\/uploads\/usu2293\/2024\/05\/WhatsApp-Image-2024-05-30-at-9.27.28-AM.jpeg\" alt=\"\" width=\"2048\" height=\"1152\" srcset=\"https:\/\/agora.xtec.cat\/ietorrelles\/wp-content\/uploads\/usu2293\/2024\/05\/WhatsApp-Image-2024-05-30-at-9.27.28-AM.jpeg 2048w, https:\/\/agora.xtec.cat\/ietorrelles\/wp-content\/uploads\/usu2293\/2024\/05\/WhatsApp-Image-2024-05-30-at-9.27.28-AM-300x169.jpeg 300w, https:\/\/agora.xtec.cat\/ietorrelles\/wp-content\/uploads\/usu2293\/2024\/05\/WhatsApp-Image-2024-05-30-at-9.27.28-AM-1024x576.jpeg 1024w, https:\/\/agora.xtec.cat\/ietorrelles\/wp-content\/uploads\/usu2293\/2024\/05\/WhatsApp-Image-2024-05-30-at-9.27.28-AM-768x432.jpeg 768w, https:\/\/agora.xtec.cat\/ietorrelles\/wp-content\/uploads\/usu2293\/2024\/05\/WhatsApp-Image-2024-05-30-at-9.27.28-AM-1536x864.jpeg 1536w\" sizes=\"auto, (max-width: 2048px) 100vw, 2048px\" \/><\/a><a href=\"https:\/\/agora.xtec.cat\/ietorrelles\/wp-content\/uploads\/usu2293\/2024\/05\/WhatsApp-Image-2024-05-30-at-2.21.06-PM.jpeg\"><img loading=\"lazy\" decoding=\"async\" class=\"alignnone size-full wp-image-2661\" src=\"https:\/\/agora.xtec.cat\/ietorrelles\/wp-content\/uploads\/usu2293\/2024\/05\/WhatsApp-Image-2024-05-30-at-2.21.06-PM.jpeg\" alt=\"\" width=\"2048\" height=\"1536\" srcset=\"https:\/\/agora.xtec.cat\/ietorrelles\/wp-content\/uploads\/usu2293\/2024\/05\/WhatsApp-Image-2024-05-30-at-2.21.06-PM.jpeg 2048w, https:\/\/agora.xtec.cat\/ietorrelles\/wp-content\/uploads\/usu2293\/2024\/05\/WhatsApp-Image-2024-05-30-at-2.21.06-PM-300x225.jpeg 300w, https:\/\/agora.xtec.cat\/ietorrelles\/wp-content\/uploads\/usu2293\/2024\/05\/WhatsApp-Image-2024-05-30-at-2.21.06-PM-1024x768.jpeg 1024w, https:\/\/agora.xtec.cat\/ietorrelles\/wp-content\/uploads\/usu2293\/2024\/05\/WhatsApp-Image-2024-05-30-at-2.21.06-PM-768x576.jpeg 768w, https:\/\/agora.xtec.cat\/ietorrelles\/wp-content\/uploads\/usu2293\/2024\/05\/WhatsApp-Image-2024-05-30-at-2.21.06-PM-1536x1152.jpeg 1536w, https:\/\/agora.xtec.cat\/ietorrelles\/wp-content\/uploads\/usu2293\/2024\/05\/WhatsApp-Image-2024-05-30-at-2.21.06-PM-200x150.jpeg 200w\" sizes=\"auto, (max-width: 2048px) 100vw, 2048px\" \/><\/a><\/p>\n<p>&nbsp;<\/p>\n","protected":false},"excerpt":{"rendered":"<p>Avui, dins del nostre projecte d&#8217;Educaci\u00f3 i Cooperaci\u00f3 de l&#8217;Institut Escola de Torrelles, hem tingut el privilegi de rebre en Malang\u00a0Sambou\u00a0a l&#8217;Institut Escola de Torrelles. En Malang ha compartit el seu temps amb l&#8217;alumnat de 2n d&#8217;ESO, parlant sobre la import\u00e0ncia de les lleng\u00fces a&hellip;  <a href=\"https:\/\/agora.xtec.cat\/ietorrelles\/eso-2\/visita-de-malang-sambou-a-linstitut-escola-de-torrelles\/\" title=\"Read Visita de Malang Sambou a l&#8217;Institut Escola de Torrelles\">Llegeix m\u00e9s\u00bb<\/a><\/p>\n","protected":false},"author":68,"featured_media":2662,"comment_status":"open","ping_status":"closed","sticky":false,"template":"","format":"standard","meta":{"_bbp_topic_count":0,"_bbp_reply_count":0,"_bbp_total_topic_count":0,"_bbp_total_reply_count":0,"_bbp_voice_count":0,"_bbp_anonymous_reply_count":0,"_bbp_topic_count_hidden":0,"_bbp_reply_count_hidden":0,"_bbp_forum_subforum_count":0,"footnotes":""},"categories":[10,63,11,64,12,65,13,66,14,15,1,5],"tags":[],"class_list":["post-2659","post","type-post","status-publish","format-standard","has-post-thumbnail","hentry","category-1r","category-1r-deso","category-2n","category-2n-deso","category-3r","category-3r-deso","category-4t","category-4t-deso","category-5e","category-6e","category-eso-2","category-primaria"],"post_mailing_queue_ids":[],"_links":{"self":[{"href":"https:\/\/agora.xtec.cat\/ietorrelles\/wp-json\/wp\/v2\/posts\/2659","targetHints":{"allow":["GET"]}}],"collection":[{"href":"https:\/\/agora.xtec.cat\/ietorrelles\/wp-json\/wp\/v2\/posts"}],"about":[{"href":"https:\/\/agora.xtec.cat\/ietorrelles\/wp-json\/wp\/v2\/types\/post"}],"author":[{"embeddable":true,"href":"https:\/\/agora.xtec.cat\/ietorrelles\/wp-json\/wp\/v2\/users\/68"}],"replies":[{"embeddable":true,"href":"https:\/\/agora.xtec.cat\/ietorrelles\/wp-json\/wp\/v2\/comments?post=2659"}],"version-history":[{"count":1,"href":"https:\/\/agora.xtec.cat\/ietorrelles\/wp-json\/wp\/v2\/posts\/2659\/revisions"}],"predecessor-version":[{"id":2663,"href":"https:\/\/agora.xtec.cat\/ietorrelles\/wp-json\/wp\/v2\/posts\/2659\/revisions\/2663"}],"wp:featuredmedia":[{"embeddable":true,"href":"https:\/\/agora.xtec.cat\/ietorrelles\/wp-json\/wp\/v2\/media\/2662"}],"wp:attachment":[{"href":"https:\/\/agora.xtec.cat\/ietorrelles\/wp-json\/wp\/v2\/media?parent=2659"}],"wp:term":[{"taxonomy":"category","embeddable":true,"href":"https:\/\/agora.xtec.cat\/ietorrelles\/wp-json\/wp\/v2\/categories?post=2659"},{"taxonomy":"post_tag","embeddable":true,"href":"https:\/\/agora.xtec.cat\/ietorrelles\/wp-json\/wp\/v2\/tags?post=2659"}],"curies":[{"name":"wp","href":"https:\/\/api.w.org\/{rel}","templated":true}]}}