{"id":2655,"date":"2024-05-30T11:36:27","date_gmt":"2024-05-30T09:36:27","guid":{"rendered":"https:\/\/agora.xtec.cat\/ietorrelles\/?p=2655"},"modified":"2024-05-30T11:37:05","modified_gmt":"2024-05-30T09:37:05","slug":"la-comunitat-de-grans-esta-de-convivencies","status":"publish","type":"post","link":"https:\/\/agora.xtec.cat\/ietorrelles\/eso-2\/primaria\/la-comunitat-de-grans-esta-de-convivencies\/","title":{"rendered":"LA COMUNITAT DE GRANS EST\u00c0 DE CONVIV\u00c8NCIES"},"content":{"rendered":"<p>L&#8217;alumnat de la comunitat de grans est\u00e0 de conviv\u00e8ncies a la Bisbal de l&#8217;Empord\u00e0. La casa d&#8217;en Pou d&#8217;en Gla\u00e7 \u00e9s molt bonica. La canalla est\u00e0 gaudint de la piscina i dels tallers, com la ruta de les Gavarres, ruta amb bicicletes per l&#8217;entorn, circuit de xarxes i tirolines i tamb\u00e9 tir amb arc.<br \/>\nTeniu m\u00e9s fotografies penjades a la carpeta del DRIVE.<\/p>\n<p><a href=\"https:\/\/agora.xtec.cat\/ietorrelles\/wp-content\/uploads\/usu2293\/2024\/05\/PHOTO-2024-05-30-11-35-05.jpg\"><img loading=\"lazy\" decoding=\"async\" class=\"alignnone size-full wp-image-2657\" src=\"https:\/\/agora.xtec.cat\/ietorrelles\/wp-content\/uploads\/usu2293\/2024\/05\/PHOTO-2024-05-30-11-35-05.jpg\" alt=\"\" width=\"2048\" height=\"1532\" srcset=\"https:\/\/agora.xtec.cat\/ietorrelles\/wp-content\/uploads\/usu2293\/2024\/05\/PHOTO-2024-05-30-11-35-05.jpg 2048w, https:\/\/agora.xtec.cat\/ietorrelles\/wp-content\/uploads\/usu2293\/2024\/05\/PHOTO-2024-05-30-11-35-05-300x224.jpg 300w, https:\/\/agora.xtec.cat\/ietorrelles\/wp-content\/uploads\/usu2293\/2024\/05\/PHOTO-2024-05-30-11-35-05-1024x766.jpg 1024w, https:\/\/agora.xtec.cat\/ietorrelles\/wp-content\/uploads\/usu2293\/2024\/05\/PHOTO-2024-05-30-11-35-05-768x575.jpg 768w, https:\/\/agora.xtec.cat\/ietorrelles\/wp-content\/uploads\/usu2293\/2024\/05\/PHOTO-2024-05-30-11-35-05-1536x1149.jpg 1536w, https:\/\/agora.xtec.cat\/ietorrelles\/wp-content\/uploads\/usu2293\/2024\/05\/PHOTO-2024-05-30-11-35-05-200x150.jpg 200w\" sizes=\"auto, (max-width: 2048px) 100vw, 2048px\" \/><\/a><\/p>\n","protected":false},"excerpt":{"rendered":"<p>L&#8217;alumnat de la comunitat de grans est\u00e0 de conviv\u00e8ncies a la Bisbal de l&#8217;Empord\u00e0. La casa d&#8217;en Pou d&#8217;en Gla\u00e7 \u00e9s molt bonica. La canalla est\u00e0 gaudint de la piscina i dels tallers, com la ruta de les Gavarres, ruta amb bicicletes per l&#8217;entorn, circuit&hellip;  <a href=\"https:\/\/agora.xtec.cat\/ietorrelles\/eso-2\/primaria\/la-comunitat-de-grans-esta-de-convivencies\/\" title=\"Read LA COMUNITAT DE GRANS EST\u00c0 DE CONVIV\u00c8NCIES\">Llegeix m\u00e9s\u00bb<\/a><\/p>\n","protected":false},"author":68,"featured_media":2657,"comment_status":"open","ping_status":"closed","sticky":false,"template":"","format":"standard","meta":{"_bbp_topic_count":0,"_bbp_reply_count":0,"_bbp_total_topic_count":0,"_bbp_total_reply_count":0,"_bbp_voice_count":0,"_bbp_anonymous_reply_count":0,"_bbp_topic_count_hidden":0,"_bbp_reply_count_hidden":0,"_bbp_forum_subforum_count":0,"footnotes":""},"categories":[13,14,15,5],"tags":[],"class_list":["post-2655","post","type-post","status-publish","format-standard","has-post-thumbnail","hentry","category-4t","category-5e","category-6e","category-primaria"],"post_mailing_queue_ids":[],"_links":{"self":[{"href":"https:\/\/agora.xtec.cat\/ietorrelles\/wp-json\/wp\/v2\/posts\/2655","targetHints":{"allow":["GET"]}}],"collection":[{"href":"https:\/\/agora.xtec.cat\/ietorrelles\/wp-json\/wp\/v2\/posts"}],"about":[{"href":"https:\/\/agora.xtec.cat\/ietorrelles\/wp-json\/wp\/v2\/types\/post"}],"author":[{"embeddable":true,"href":"https:\/\/agora.xtec.cat\/ietorrelles\/wp-json\/wp\/v2\/users\/68"}],"replies":[{"embeddable":true,"href":"https:\/\/agora.xtec.cat\/ietorrelles\/wp-json\/wp\/v2\/comments?post=2655"}],"version-history":[{"count":1,"href":"https:\/\/agora.xtec.cat\/ietorrelles\/wp-json\/wp\/v2\/posts\/2655\/revisions"}],"predecessor-version":[{"id":2658,"href":"https:\/\/agora.xtec.cat\/ietorrelles\/wp-json\/wp\/v2\/posts\/2655\/revisions\/2658"}],"wp:featuredmedia":[{"embeddable":true,"href":"https:\/\/agora.xtec.cat\/ietorrelles\/wp-json\/wp\/v2\/media\/2657"}],"wp:attachment":[{"href":"https:\/\/agora.xtec.cat\/ietorrelles\/wp-json\/wp\/v2\/media?parent=2655"}],"wp:term":[{"taxonomy":"category","embeddable":true,"href":"https:\/\/agora.xtec.cat\/ietorrelles\/wp-json\/wp\/v2\/categories?post=2655"},{"taxonomy":"post_tag","embeddable":true,"href":"https:\/\/agora.xtec.cat\/ietorrelles\/wp-json\/wp\/v2\/tags?post=2655"}],"curies":[{"name":"wp","href":"https:\/\/api.w.org\/{rel}","templated":true}]}}