{"id":2639,"date":"2024-05-27T08:30:04","date_gmt":"2024-05-27T06:30:04","guid":{"rendered":"https:\/\/agora.xtec.cat\/ietorrelles\/?p=2639"},"modified":"2024-05-25T18:26:20","modified_gmt":"2024-05-25T16:26:20","slug":"ja-hem-anat-a-port-aventura","status":"publish","type":"post","link":"https:\/\/agora.xtec.cat\/ietorrelles\/eso-2\/primaria\/ja-hem-anat-a-port-aventura\/","title":{"rendered":"JA HEM ANAT A PORT AVENTURA"},"content":{"rendered":"<p>El passat divendres, l&#8217;alumnat de 6\u00e8 de prim\u00e0ria de l&#8217;Institut Escola Torrelles va gaudir d&#8217;un dia especial a Port Aventura. Aquesta sortida va ser possible pel seu treball constant i dedicaci\u00f3 al llarg del curs dins el projecte de berenars per les fam\u00edlies dels edificis groc i verd.<br \/>\nS&#8217;ho van passar bomba, aprofitant al m\u00e0xim cada atracci\u00f3 i activitat que el parc tem\u00e0tic oferia. Va ser un dia ple d&#8217;emocions, rialles i, sobretot, de recompenses per la seva feina ben feta.<br \/>\nVolem agrair a totes les fam\u00edlies i a la comunitat educativa el seu suport continuat.<\/p>\n<p><a href=\"https:\/\/agora.xtec.cat\/ietorrelles\/wp-content\/uploads\/usu2293\/2024\/05\/cdv_photo_1716540866.jpeg\"><img loading=\"lazy\" decoding=\"async\" class=\"alignnone size-full wp-image-2640\" src=\"https:\/\/agora.xtec.cat\/ietorrelles\/wp-content\/uploads\/usu2293\/2024\/05\/cdv_photo_1716540866.jpeg\" alt=\"\" width=\"800\" height=\"600\" srcset=\"https:\/\/agora.xtec.cat\/ietorrelles\/wp-content\/uploads\/usu2293\/2024\/05\/cdv_photo_1716540866.jpeg 800w, https:\/\/agora.xtec.cat\/ietorrelles\/wp-content\/uploads\/usu2293\/2024\/05\/cdv_photo_1716540866-300x225.jpeg 300w, https:\/\/agora.xtec.cat\/ietorrelles\/wp-content\/uploads\/usu2293\/2024\/05\/cdv_photo_1716540866-768x576.jpeg 768w, https:\/\/agora.xtec.cat\/ietorrelles\/wp-content\/uploads\/usu2293\/2024\/05\/cdv_photo_1716540866-200x150.jpeg 200w\" sizes=\"auto, (max-width: 800px) 100vw, 800px\" \/><\/a><\/p>\n","protected":false},"excerpt":{"rendered":"<p>El passat divendres, l&#8217;alumnat de 6\u00e8 de prim\u00e0ria de l&#8217;Institut Escola Torrelles va gaudir d&#8217;un dia especial a Port Aventura. Aquesta sortida va ser possible pel seu treball constant i dedicaci\u00f3 al llarg del curs dins el projecte de berenars per les fam\u00edlies dels edificis&hellip;  <a href=\"https:\/\/agora.xtec.cat\/ietorrelles\/eso-2\/primaria\/ja-hem-anat-a-port-aventura\/\" title=\"Read JA HEM ANAT A PORT AVENTURA\">Llegeix m\u00e9s\u00bb<\/a><\/p>\n","protected":false},"author":68,"featured_media":2640,"comment_status":"open","ping_status":"closed","sticky":false,"template":"","format":"standard","meta":{"_bbp_topic_count":0,"_bbp_reply_count":0,"_bbp_total_topic_count":0,"_bbp_total_reply_count":0,"_bbp_voice_count":0,"_bbp_anonymous_reply_count":0,"_bbp_topic_count_hidden":0,"_bbp_reply_count_hidden":0,"_bbp_forum_subforum_count":0,"footnotes":""},"categories":[15,5],"tags":[],"class_list":["post-2639","post","type-post","status-publish","format-standard","has-post-thumbnail","hentry","category-6e","category-primaria"],"post_mailing_queue_ids":[],"_links":{"self":[{"href":"https:\/\/agora.xtec.cat\/ietorrelles\/wp-json\/wp\/v2\/posts\/2639","targetHints":{"allow":["GET"]}}],"collection":[{"href":"https:\/\/agora.xtec.cat\/ietorrelles\/wp-json\/wp\/v2\/posts"}],"about":[{"href":"https:\/\/agora.xtec.cat\/ietorrelles\/wp-json\/wp\/v2\/types\/post"}],"author":[{"embeddable":true,"href":"https:\/\/agora.xtec.cat\/ietorrelles\/wp-json\/wp\/v2\/users\/68"}],"replies":[{"embeddable":true,"href":"https:\/\/agora.xtec.cat\/ietorrelles\/wp-json\/wp\/v2\/comments?post=2639"}],"version-history":[{"count":1,"href":"https:\/\/agora.xtec.cat\/ietorrelles\/wp-json\/wp\/v2\/posts\/2639\/revisions"}],"predecessor-version":[{"id":2641,"href":"https:\/\/agora.xtec.cat\/ietorrelles\/wp-json\/wp\/v2\/posts\/2639\/revisions\/2641"}],"wp:featuredmedia":[{"embeddable":true,"href":"https:\/\/agora.xtec.cat\/ietorrelles\/wp-json\/wp\/v2\/media\/2640"}],"wp:attachment":[{"href":"https:\/\/agora.xtec.cat\/ietorrelles\/wp-json\/wp\/v2\/media?parent=2639"}],"wp:term":[{"taxonomy":"category","embeddable":true,"href":"https:\/\/agora.xtec.cat\/ietorrelles\/wp-json\/wp\/v2\/categories?post=2639"},{"taxonomy":"post_tag","embeddable":true,"href":"https:\/\/agora.xtec.cat\/ietorrelles\/wp-json\/wp\/v2\/tags?post=2639"}],"curies":[{"name":"wp","href":"https:\/\/api.w.org\/{rel}","templated":true}]}}