{"id":2627,"date":"2024-05-23T13:21:29","date_gmt":"2024-05-23T11:21:29","guid":{"rendered":"https:\/\/agora.xtec.cat\/ietorrelles\/?p=2627"},"modified":"2024-05-23T13:37:57","modified_gmt":"2024-05-23T11:37:57","slug":"taller-dautoestima-a-3r-de-primaria","status":"publish","type":"post","link":"https:\/\/agora.xtec.cat\/ietorrelles\/eso-2\/primaria\/taller-dautoestima-a-3r-de-primaria\/","title":{"rendered":"Taller d&#8217;autoestima a 3r de prim\u00e0ria"},"content":{"rendered":"<p>Aquest mat\u00ed, l&#8217;alumnat de 3r de prim\u00e0ria ha assistit a un taller sobre l&#8217;autoestima. Mitjan\u00e7ant un conte han pogut repasar aspectes com l&#8217;autoimatge i l&#8217;autoestima. Per finalitzar, han fet una bonica din\u00e0mica amb avions de paper, on cada alumne havia d&#8217;escriure una qualiltat bonica als avions dels companys i companyes. <a href=\"https:\/\/agora.xtec.cat\/ietorrelles\/wp-content\/uploads\/usu2293\/2024\/05\/storage_emulated_0_Android_media_com.whatsapp_WhatsApp_Media_WhatsApp-Images_IMG-20240523-WA0009-1.jpg\"><img loading=\"lazy\" decoding=\"async\" class=\"alignnone size-large wp-image-2628\" src=\"https:\/\/agora.xtec.cat\/ietorrelles\/wp-content\/uploads\/usu2293\/2024\/05\/storage_emulated_0_Android_media_com.whatsapp_WhatsApp_Media_WhatsApp-Images_IMG-20240523-WA0009-1-768x1024.jpg\" alt=\"\" width=\"768\" height=\"1024\" srcset=\"https:\/\/agora.xtec.cat\/ietorrelles\/wp-content\/uploads\/usu2293\/2024\/05\/storage_emulated_0_Android_media_com.whatsapp_WhatsApp_Media_WhatsApp-Images_IMG-20240523-WA0009-1-768x1024.jpg 768w, https:\/\/agora.xtec.cat\/ietorrelles\/wp-content\/uploads\/usu2293\/2024\/05\/storage_emulated_0_Android_media_com.whatsapp_WhatsApp_Media_WhatsApp-Images_IMG-20240523-WA0009-1-225x300.jpg 225w, https:\/\/agora.xtec.cat\/ietorrelles\/wp-content\/uploads\/usu2293\/2024\/05\/storage_emulated_0_Android_media_com.whatsapp_WhatsApp_Media_WhatsApp-Images_IMG-20240523-WA0009-1-1152x1536.jpg 1152w, https:\/\/agora.xtec.cat\/ietorrelles\/wp-content\/uploads\/usu2293\/2024\/05\/storage_emulated_0_Android_media_com.whatsapp_WhatsApp_Media_WhatsApp-Images_IMG-20240523-WA0009-1.jpg 1200w\" sizes=\"auto, (max-width: 768px) 100vw, 768px\" \/><\/a><a href=\"https:\/\/agora.xtec.cat\/ietorrelles\/wp-content\/uploads\/usu2293\/2024\/05\/IMG_20240523_112122-5-scaled.jpg\"><img loading=\"lazy\" decoding=\"async\" class=\"alignnone size-full wp-image-2633\" src=\"https:\/\/agora.xtec.cat\/ietorrelles\/wp-content\/uploads\/usu2293\/2024\/05\/IMG_20240523_112122-5-scaled.jpg\" alt=\"\" width=\"1152\" height=\"2560\" srcset=\"https:\/\/agora.xtec.cat\/ietorrelles\/wp-content\/uploads\/usu2293\/2024\/05\/IMG_20240523_112122-5-scaled.jpg 1152w, https:\/\/agora.xtec.cat\/ietorrelles\/wp-content\/uploads\/usu2293\/2024\/05\/IMG_20240523_112122-5-135x300.jpg 135w, https:\/\/agora.xtec.cat\/ietorrelles\/wp-content\/uploads\/usu2293\/2024\/05\/IMG_20240523_112122-5-461x1024.jpg 461w, https:\/\/agora.xtec.cat\/ietorrelles\/wp-content\/uploads\/usu2293\/2024\/05\/IMG_20240523_112122-5-768x1707.jpg 768w, https:\/\/agora.xtec.cat\/ietorrelles\/wp-content\/uploads\/usu2293\/2024\/05\/IMG_20240523_112122-5-691x1536.jpg 691w, https:\/\/agora.xtec.cat\/ietorrelles\/wp-content\/uploads\/usu2293\/2024\/05\/IMG_20240523_112122-5-922x2048.jpg 922w\" sizes=\"auto, (max-width: 1152px) 100vw, 1152px\" \/><\/a><\/p>\n","protected":false},"excerpt":{"rendered":"<p>Taller autoestima&hellip;  <a href=\"https:\/\/agora.xtec.cat\/ietorrelles\/eso-2\/primaria\/taller-dautoestima-a-3r-de-primaria\/\" title=\"Read Taller d&#8217;autoestima a 3r de prim\u00e0ria\">Llegeix m\u00e9s\u00bb<\/a><\/p>\n","protected":false},"author":67,"featured_media":2633,"comment_status":"open","ping_status":"closed","sticky":false,"template":"","format":"standard","meta":{"_bbp_topic_count":0,"_bbp_reply_count":0,"_bbp_total_topic_count":0,"_bbp_total_reply_count":0,"_bbp_voice_count":0,"_bbp_anonymous_reply_count":0,"_bbp_topic_count_hidden":0,"_bbp_reply_count_hidden":0,"_bbp_forum_subforum_count":0,"footnotes":""},"categories":[12,5],"tags":[164,165],"class_list":["post-2627","post","type-post","status-publish","format-standard","has-post-thumbnail","hentry","category-3r","category-primaria","tag-autoestima","tag-educacio-emocional"],"post_mailing_queue_ids":[],"_links":{"self":[{"href":"https:\/\/agora.xtec.cat\/ietorrelles\/wp-json\/wp\/v2\/posts\/2627","targetHints":{"allow":["GET"]}}],"collection":[{"href":"https:\/\/agora.xtec.cat\/ietorrelles\/wp-json\/wp\/v2\/posts"}],"about":[{"href":"https:\/\/agora.xtec.cat\/ietorrelles\/wp-json\/wp\/v2\/types\/post"}],"author":[{"embeddable":true,"href":"https:\/\/agora.xtec.cat\/ietorrelles\/wp-json\/wp\/v2\/users\/67"}],"replies":[{"embeddable":true,"href":"https:\/\/agora.xtec.cat\/ietorrelles\/wp-json\/wp\/v2\/comments?post=2627"}],"version-history":[{"count":4,"href":"https:\/\/agora.xtec.cat\/ietorrelles\/wp-json\/wp\/v2\/posts\/2627\/revisions"}],"predecessor-version":[{"id":2638,"href":"https:\/\/agora.xtec.cat\/ietorrelles\/wp-json\/wp\/v2\/posts\/2627\/revisions\/2638"}],"wp:featuredmedia":[{"embeddable":true,"href":"https:\/\/agora.xtec.cat\/ietorrelles\/wp-json\/wp\/v2\/media\/2633"}],"wp:attachment":[{"href":"https:\/\/agora.xtec.cat\/ietorrelles\/wp-json\/wp\/v2\/media?parent=2627"}],"wp:term":[{"taxonomy":"category","embeddable":true,"href":"https:\/\/agora.xtec.cat\/ietorrelles\/wp-json\/wp\/v2\/categories?post=2627"},{"taxonomy":"post_tag","embeddable":true,"href":"https:\/\/agora.xtec.cat\/ietorrelles\/wp-json\/wp\/v2\/tags?post=2627"}],"curies":[{"name":"wp","href":"https:\/\/api.w.org\/{rel}","templated":true}]}}