{"id":2591,"date":"2024-05-21T09:00:04","date_gmt":"2024-05-21T07:00:04","guid":{"rendered":"https:\/\/agora.xtec.cat\/ietorrelles\/?p=2591"},"modified":"2024-05-20T23:08:58","modified_gmt":"2024-05-20T21:08:58","slug":"ii-concert-de-1r-i-6e-de-primaria-de-lie-torrelles","status":"publish","type":"post","link":"https:\/\/agora.xtec.cat\/ietorrelles\/eso-2\/primaria\/ii-concert-de-1r-i-6e-de-primaria-de-lie-torrelles\/","title":{"rendered":"II CONCERT  DE 1R I 6\u00c8 DE PRIM\u00c0RIA DE  L&#8217;IE TORRELLES"},"content":{"rendered":"<p>El divendres 17 de maig, m\u00e9s de 120 nenes i nens de 1r i 6\u00e8 de prim\u00e0ria de l&#8217;Institut Escola de Torrelles vam oferir un concert espectacular a l&#8217;Ateneu Torrellenc. Les can\u00e7ons Mirall de Pau i <span class=\"hiddenSpellError\">Feli\u00e7oroniak<\/span>\u00a0van ressonar amb for\u00e7a gr\u00e0cies a la participaci\u00f3 conjunta dels alumnes dels dos cursos.<br \/>\nAquest esdeveniment ha estat una mostra magn\u00edfica del treball cooperatiu i col\u00b7laboratiu entre els m\u00e9s petits i els m\u00e9s grans de prim\u00e0ria. Compartir l&#8217;alumnat de l&#8217;edifici groc i de l&#8217;edifici verd durant tot el dia ha resultat ser una experi\u00e8ncia enriquidora per a tothom.<br \/>\nEsperem que les fam\u00edlies h\u00e0giu gaudit tant com la canalla amb les danses i les can\u00e7ons que us hem ofert des de l&#8217;\u00e0rea de m\u00fasica amb totes les nostres tutores. Podeu trobar m\u00e9s fotografies i tots els v\u00eddeos del concert a la carpeta del DRIVE.<\/p>\n<p><a href=\"https:\/\/agora.xtec.cat\/ietorrelles\/wp-content\/uploads\/usu2293\/2024\/05\/fafce825-4aee-4c25-bebe-72c34cb244ea.jpg\"><img loading=\"lazy\" decoding=\"async\" class=\"alignnone wp-image-2592\" src=\"https:\/\/agora.xtec.cat\/ietorrelles\/wp-content\/uploads\/usu2293\/2024\/05\/fafce825-4aee-4c25-bebe-72c34cb244ea.jpg\" alt=\"\" width=\"762\" height=\"572\" \/><\/a><\/p>\n<p><a href=\"https:\/\/agora.xtec.cat\/ietorrelles\/wp-content\/uploads\/usu2293\/2024\/05\/93256d1d-d71d-4faf-8536-59c3d7671ebe.jpg\"><img loading=\"lazy\" decoding=\"async\" class=\"alignnone size-full wp-image-2601\" src=\"https:\/\/agora.xtec.cat\/ietorrelles\/wp-content\/uploads\/usu2293\/2024\/05\/93256d1d-d71d-4faf-8536-59c3d7671ebe.jpg\" alt=\"\" width=\"2000\" height=\"1500\" srcset=\"https:\/\/agora.xtec.cat\/ietorrelles\/wp-content\/uploads\/usu2293\/2024\/05\/93256d1d-d71d-4faf-8536-59c3d7671ebe.jpg 2000w, https:\/\/agora.xtec.cat\/ietorrelles\/wp-content\/uploads\/usu2293\/2024\/05\/93256d1d-d71d-4faf-8536-59c3d7671ebe-300x225.jpg 300w, https:\/\/agora.xtec.cat\/ietorrelles\/wp-content\/uploads\/usu2293\/2024\/05\/93256d1d-d71d-4faf-8536-59c3d7671ebe-1024x768.jpg 1024w, https:\/\/agora.xtec.cat\/ietorrelles\/wp-content\/uploads\/usu2293\/2024\/05\/93256d1d-d71d-4faf-8536-59c3d7671ebe-768x576.jpg 768w, https:\/\/agora.xtec.cat\/ietorrelles\/wp-content\/uploads\/usu2293\/2024\/05\/93256d1d-d71d-4faf-8536-59c3d7671ebe-1536x1152.jpg 1536w, https:\/\/agora.xtec.cat\/ietorrelles\/wp-content\/uploads\/usu2293\/2024\/05\/93256d1d-d71d-4faf-8536-59c3d7671ebe-200x150.jpg 200w\" sizes=\"auto, (max-width: 2000px) 100vw, 2000px\" \/><\/a><\/p>\n","protected":false},"excerpt":{"rendered":"<p>El divendres 17 de maig, m\u00e9s de 120 nenes i nens de 1r i 6\u00e8 de prim\u00e0ria de l&#8217;Institut Escola de Torrelles vam oferir un concert espectacular a l&#8217;Ateneu Torrellenc. Les can\u00e7ons Mirall de Pau i Feli\u00e7oroniak\u00a0van ressonar amb for\u00e7a gr\u00e0cies a la participaci\u00f3 conjunta&hellip;  <a href=\"https:\/\/agora.xtec.cat\/ietorrelles\/eso-2\/primaria\/ii-concert-de-1r-i-6e-de-primaria-de-lie-torrelles\/\" title=\"Read II CONCERT  DE 1R I 6\u00c8 DE PRIM\u00c0RIA DE  L&#8217;IE TORRELLES\">Llegeix m\u00e9s\u00bb<\/a><\/p>\n","protected":false},"author":68,"featured_media":2592,"comment_status":"open","ping_status":"closed","sticky":false,"template":"","format":"standard","meta":{"_bbp_topic_count":0,"_bbp_reply_count":0,"_bbp_total_topic_count":0,"_bbp_total_reply_count":0,"_bbp_voice_count":0,"_bbp_anonymous_reply_count":0,"_bbp_topic_count_hidden":0,"_bbp_reply_count_hidden":0,"_bbp_forum_subforum_count":0,"footnotes":""},"categories":[10,15,7,5,119],"tags":[],"class_list":["post-2591","post","type-post","status-publish","format-standard","has-post-thumbnail","hentry","category-1r","category-6e","category-ampa","category-primaria","category-revista"],"post_mailing_queue_ids":[],"_links":{"self":[{"href":"https:\/\/agora.xtec.cat\/ietorrelles\/wp-json\/wp\/v2\/posts\/2591","targetHints":{"allow":["GET"]}}],"collection":[{"href":"https:\/\/agora.xtec.cat\/ietorrelles\/wp-json\/wp\/v2\/posts"}],"about":[{"href":"https:\/\/agora.xtec.cat\/ietorrelles\/wp-json\/wp\/v2\/types\/post"}],"author":[{"embeddable":true,"href":"https:\/\/agora.xtec.cat\/ietorrelles\/wp-json\/wp\/v2\/users\/68"}],"replies":[{"embeddable":true,"href":"https:\/\/agora.xtec.cat\/ietorrelles\/wp-json\/wp\/v2\/comments?post=2591"}],"version-history":[{"count":6,"href":"https:\/\/agora.xtec.cat\/ietorrelles\/wp-json\/wp\/v2\/posts\/2591\/revisions"}],"predecessor-version":[{"id":2604,"href":"https:\/\/agora.xtec.cat\/ietorrelles\/wp-json\/wp\/v2\/posts\/2591\/revisions\/2604"}],"wp:featuredmedia":[{"embeddable":true,"href":"https:\/\/agora.xtec.cat\/ietorrelles\/wp-json\/wp\/v2\/media\/2592"}],"wp:attachment":[{"href":"https:\/\/agora.xtec.cat\/ietorrelles\/wp-json\/wp\/v2\/media?parent=2591"}],"wp:term":[{"taxonomy":"category","embeddable":true,"href":"https:\/\/agora.xtec.cat\/ietorrelles\/wp-json\/wp\/v2\/categories?post=2591"},{"taxonomy":"post_tag","embeddable":true,"href":"https:\/\/agora.xtec.cat\/ietorrelles\/wp-json\/wp\/v2\/tags?post=2591"}],"curies":[{"name":"wp","href":"https:\/\/api.w.org\/{rel}","templated":true}]}}