{"id":2579,"date":"2024-05-16T21:43:37","date_gmt":"2024-05-16T19:43:37","guid":{"rendered":"https:\/\/agora.xtec.cat\/ietorrelles\/?p=2579"},"modified":"2024-05-16T21:43:37","modified_gmt":"2024-05-16T19:43:37","slug":"formacio-en-cooperacio","status":"publish","type":"post","link":"https:\/\/agora.xtec.cat\/ietorrelles\/eso-2\/formacio-en-cooperacio\/","title":{"rendered":"FORMACI\u00d3 EN COOPERACI\u00d3"},"content":{"rendered":"<p>Avui, els docents de l&#8217;Institut Escola Torrelles que faran acci\u00f3 en territori gambi\u00e0 han participat en la primera sessi\u00f3 formativa en cooperaci\u00f3, facilitada per l&#8217;Anna de l&#8217;entitat <span class=\"hiddenSpellError\">MBOLO<\/span>\u00a0i coordinada per l&#8217;Institut Escola Torrelles. Els docents han tingut l&#8217;oportunitat d&#8217;aprendre sobre les din\u00e0miques socials i culturals de G\u00e0mbia, aix\u00ed com les millors pr\u00e0ctiques en l&#8217;execuci\u00f3 d&#8217;activitats educatives en contextos internacionals, concretament, en el context gambi\u00e0. Si voleu saber m\u00e9s&#8230; podeu seguir el canal d&#8217;Instagram on anirem publicant m\u00e9s informaci\u00f3!\u00a0<span class=\"hiddenSpellError\">Abaraka<\/span><\/p>\n<p><a href=\"https:\/\/agora.xtec.cat\/ietorrelles\/wp-content\/uploads\/usu2293\/2024\/05\/WhatsApp-Image-2024-05-16-at-8.02.10-PM.jpeg\"><img loading=\"lazy\" decoding=\"async\" class=\"alignnone size-full wp-image-2580\" src=\"https:\/\/agora.xtec.cat\/ietorrelles\/wp-content\/uploads\/usu2293\/2024\/05\/WhatsApp-Image-2024-05-16-at-8.02.10-PM.jpeg\" alt=\"\" width=\"1600\" height=\"1200\" srcset=\"https:\/\/agora.xtec.cat\/ietorrelles\/wp-content\/uploads\/usu2293\/2024\/05\/WhatsApp-Image-2024-05-16-at-8.02.10-PM.jpeg 1600w, https:\/\/agora.xtec.cat\/ietorrelles\/wp-content\/uploads\/usu2293\/2024\/05\/WhatsApp-Image-2024-05-16-at-8.02.10-PM-300x225.jpeg 300w, https:\/\/agora.xtec.cat\/ietorrelles\/wp-content\/uploads\/usu2293\/2024\/05\/WhatsApp-Image-2024-05-16-at-8.02.10-PM-1024x768.jpeg 1024w, https:\/\/agora.xtec.cat\/ietorrelles\/wp-content\/uploads\/usu2293\/2024\/05\/WhatsApp-Image-2024-05-16-at-8.02.10-PM-768x576.jpeg 768w, https:\/\/agora.xtec.cat\/ietorrelles\/wp-content\/uploads\/usu2293\/2024\/05\/WhatsApp-Image-2024-05-16-at-8.02.10-PM-1536x1152.jpeg 1536w, https:\/\/agora.xtec.cat\/ietorrelles\/wp-content\/uploads\/usu2293\/2024\/05\/WhatsApp-Image-2024-05-16-at-8.02.10-PM-200x150.jpeg 200w\" sizes=\"auto, (max-width: 1600px) 100vw, 1600px\" \/><\/a><\/p>\n","protected":false},"excerpt":{"rendered":"<p>Avui, els docents de l&#8217;Institut Escola Torrelles que faran acci\u00f3 en territori gambi\u00e0 han participat en la primera sessi\u00f3 formativa en cooperaci\u00f3, facilitada per l&#8217;Anna de l&#8217;entitat MBOLO\u00a0i coordinada per l&#8217;Institut Escola Torrelles. Els docents han tingut l&#8217;oportunitat d&#8217;aprendre sobre les din\u00e0miques socials i culturals&hellip;  <a href=\"https:\/\/agora.xtec.cat\/ietorrelles\/eso-2\/formacio-en-cooperacio\/\" title=\"Read FORMACI\u00d3 EN COOPERACI\u00d3\">Llegeix m\u00e9s\u00bb<\/a><\/p>\n","protected":false},"author":68,"featured_media":2580,"comment_status":"open","ping_status":"closed","sticky":false,"template":"","format":"standard","meta":{"_bbp_topic_count":0,"_bbp_reply_count":0,"_bbp_total_topic_count":0,"_bbp_total_reply_count":0,"_bbp_voice_count":0,"_bbp_anonymous_reply_count":0,"_bbp_topic_count_hidden":0,"_bbp_reply_count_hidden":0,"_bbp_forum_subforum_count":0,"footnotes":""},"categories":[7,1,2,5,119],"tags":[],"class_list":["post-2579","post","type-post","status-publish","format-standard","has-post-thumbnail","hentry","category-ampa","category-eso-2","category-infantil","category-primaria","category-revista"],"post_mailing_queue_ids":[],"_links":{"self":[{"href":"https:\/\/agora.xtec.cat\/ietorrelles\/wp-json\/wp\/v2\/posts\/2579","targetHints":{"allow":["GET"]}}],"collection":[{"href":"https:\/\/agora.xtec.cat\/ietorrelles\/wp-json\/wp\/v2\/posts"}],"about":[{"href":"https:\/\/agora.xtec.cat\/ietorrelles\/wp-json\/wp\/v2\/types\/post"}],"author":[{"embeddable":true,"href":"https:\/\/agora.xtec.cat\/ietorrelles\/wp-json\/wp\/v2\/users\/68"}],"replies":[{"embeddable":true,"href":"https:\/\/agora.xtec.cat\/ietorrelles\/wp-json\/wp\/v2\/comments?post=2579"}],"version-history":[{"count":1,"href":"https:\/\/agora.xtec.cat\/ietorrelles\/wp-json\/wp\/v2\/posts\/2579\/revisions"}],"predecessor-version":[{"id":2581,"href":"https:\/\/agora.xtec.cat\/ietorrelles\/wp-json\/wp\/v2\/posts\/2579\/revisions\/2581"}],"wp:featuredmedia":[{"embeddable":true,"href":"https:\/\/agora.xtec.cat\/ietorrelles\/wp-json\/wp\/v2\/media\/2580"}],"wp:attachment":[{"href":"https:\/\/agora.xtec.cat\/ietorrelles\/wp-json\/wp\/v2\/media?parent=2579"}],"wp:term":[{"taxonomy":"category","embeddable":true,"href":"https:\/\/agora.xtec.cat\/ietorrelles\/wp-json\/wp\/v2\/categories?post=2579"},{"taxonomy":"post_tag","embeddable":true,"href":"https:\/\/agora.xtec.cat\/ietorrelles\/wp-json\/wp\/v2\/tags?post=2579"}],"curies":[{"name":"wp","href":"https:\/\/api.w.org\/{rel}","templated":true}]}}