{"id":2555,"date":"2024-05-14T08:12:39","date_gmt":"2024-05-14T06:12:39","guid":{"rendered":"https:\/\/agora.xtec.cat\/ietorrelles\/?p=2555"},"modified":"2024-05-14T08:12:39","modified_gmt":"2024-05-14T06:12:39","slug":"xxi-trobada-de-corals-deducacio-infantil-i-primaria","status":"publish","type":"post","link":"https:\/\/agora.xtec.cat\/ietorrelles\/eso-2\/primaria\/xxi-trobada-de-corals-deducacio-infantil-i-primaria\/","title":{"rendered":"XXI TROBADA DE CORALS D&#8217;EDUCACI\u00d3 INFANTIL I PRIM\u00c0RIA"},"content":{"rendered":"<p>Espectacular concert de les nenes i els nens de 1r i 6\u00e8 de prim\u00e0ria a Can Massallera a Sant Boi. Hem cantat la can\u00e7\u00f3 de &#8220;Obre els ulls&#8221;, &#8220;Persones Iguals&#8221;, &#8220;Mirall de Pau&#8221; i &#8220;<span class=\"hiddenSpellError\">Feli\u00e7orionak<\/span>&#8220;. Ens ho hem passat pipa cantant amb m\u00e9s de 350 nenes i nens de diferents escoles del Baix Llobregat tot potenciant i difonent l&#8217;educaci\u00f3 musical que treballem cada setmana.<br \/>\nTeniu m\u00e9s fotografies i v\u00eddeos a les carpetes del DRIVE!<\/p>\n<p><a href=\"https:\/\/agora.xtec.cat\/ietorrelles\/wp-content\/uploads\/usu2293\/2024\/05\/4ec1a6ce-c409-4c2b-8d17-44d49bbec63e.jpeg\"><img loading=\"lazy\" decoding=\"async\" class=\"alignnone size-full wp-image-2557\" src=\"https:\/\/agora.xtec.cat\/ietorrelles\/wp-content\/uploads\/usu2293\/2024\/05\/4ec1a6ce-c409-4c2b-8d17-44d49bbec63e.jpeg\" alt=\"\" width=\"1600\" height=\"900\" srcset=\"https:\/\/agora.xtec.cat\/ietorrelles\/wp-content\/uploads\/usu2293\/2024\/05\/4ec1a6ce-c409-4c2b-8d17-44d49bbec63e.jpeg 1600w, https:\/\/agora.xtec.cat\/ietorrelles\/wp-content\/uploads\/usu2293\/2024\/05\/4ec1a6ce-c409-4c2b-8d17-44d49bbec63e-300x169.jpeg 300w, https:\/\/agora.xtec.cat\/ietorrelles\/wp-content\/uploads\/usu2293\/2024\/05\/4ec1a6ce-c409-4c2b-8d17-44d49bbec63e-1024x576.jpeg 1024w, https:\/\/agora.xtec.cat\/ietorrelles\/wp-content\/uploads\/usu2293\/2024\/05\/4ec1a6ce-c409-4c2b-8d17-44d49bbec63e-768x432.jpeg 768w, https:\/\/agora.xtec.cat\/ietorrelles\/wp-content\/uploads\/usu2293\/2024\/05\/4ec1a6ce-c409-4c2b-8d17-44d49bbec63e-1536x864.jpeg 1536w\" sizes=\"auto, (max-width: 1600px) 100vw, 1600px\" \/><\/a><a href=\"https:\/\/agora.xtec.cat\/ietorrelles\/wp-content\/uploads\/usu2293\/2024\/05\/IMG_3376-scaled.jpeg\"><img loading=\"lazy\" decoding=\"async\" class=\"alignnone size-full wp-image-2558\" src=\"https:\/\/agora.xtec.cat\/ietorrelles\/wp-content\/uploads\/usu2293\/2024\/05\/IMG_3376-scaled.jpeg\" alt=\"\" width=\"2560\" height=\"1440\" srcset=\"https:\/\/agora.xtec.cat\/ietorrelles\/wp-content\/uploads\/usu2293\/2024\/05\/IMG_3376-scaled.jpeg 2560w, https:\/\/agora.xtec.cat\/ietorrelles\/wp-content\/uploads\/usu2293\/2024\/05\/IMG_3376-300x169.jpeg 300w, https:\/\/agora.xtec.cat\/ietorrelles\/wp-content\/uploads\/usu2293\/2024\/05\/IMG_3376-1024x576.jpeg 1024w, https:\/\/agora.xtec.cat\/ietorrelles\/wp-content\/uploads\/usu2293\/2024\/05\/IMG_3376-768x432.jpeg 768w, https:\/\/agora.xtec.cat\/ietorrelles\/wp-content\/uploads\/usu2293\/2024\/05\/IMG_3376-1536x864.jpeg 1536w, https:\/\/agora.xtec.cat\/ietorrelles\/wp-content\/uploads\/usu2293\/2024\/05\/IMG_3376-2048x1152.jpeg 2048w\" sizes=\"auto, (max-width: 2560px) 100vw, 2560px\" \/><\/a><\/p>\n","protected":false},"excerpt":{"rendered":"<p>Espectacular concert de les nenes i els nens de 1r i 6\u00e8 de prim\u00e0ria a Can Massallera a Sant Boi. Hem cantat la can\u00e7\u00f3 de &#8220;Obre els ulls&#8221;, &#8220;Persones Iguals&#8221;, &#8220;Mirall de Pau&#8221; i &#8220;Feli\u00e7orionak&#8220;. Ens ho hem passat pipa cantant amb m\u00e9s de 350&hellip;  <a href=\"https:\/\/agora.xtec.cat\/ietorrelles\/eso-2\/primaria\/xxi-trobada-de-corals-deducacio-infantil-i-primaria\/\" title=\"Read XXI TROBADA DE CORALS D&#8217;EDUCACI\u00d3 INFANTIL I PRIM\u00c0RIA\">Llegeix m\u00e9s\u00bb<\/a><\/p>\n","protected":false},"author":68,"featured_media":2556,"comment_status":"open","ping_status":"closed","sticky":false,"template":"","format":"standard","meta":{"_bbp_topic_count":0,"_bbp_reply_count":0,"_bbp_total_topic_count":0,"_bbp_total_reply_count":0,"_bbp_voice_count":0,"_bbp_anonymous_reply_count":0,"_bbp_topic_count_hidden":0,"_bbp_reply_count_hidden":0,"_bbp_forum_subforum_count":0,"footnotes":""},"categories":[10,15,7,5,119],"tags":[],"class_list":["post-2555","post","type-post","status-publish","format-standard","has-post-thumbnail","hentry","category-1r","category-6e","category-ampa","category-primaria","category-revista"],"post_mailing_queue_ids":[],"_links":{"self":[{"href":"https:\/\/agora.xtec.cat\/ietorrelles\/wp-json\/wp\/v2\/posts\/2555","targetHints":{"allow":["GET"]}}],"collection":[{"href":"https:\/\/agora.xtec.cat\/ietorrelles\/wp-json\/wp\/v2\/posts"}],"about":[{"href":"https:\/\/agora.xtec.cat\/ietorrelles\/wp-json\/wp\/v2\/types\/post"}],"author":[{"embeddable":true,"href":"https:\/\/agora.xtec.cat\/ietorrelles\/wp-json\/wp\/v2\/users\/68"}],"replies":[{"embeddable":true,"href":"https:\/\/agora.xtec.cat\/ietorrelles\/wp-json\/wp\/v2\/comments?post=2555"}],"version-history":[{"count":2,"href":"https:\/\/agora.xtec.cat\/ietorrelles\/wp-json\/wp\/v2\/posts\/2555\/revisions"}],"predecessor-version":[{"id":2589,"href":"https:\/\/agora.xtec.cat\/ietorrelles\/wp-json\/wp\/v2\/posts\/2555\/revisions\/2589"}],"wp:featuredmedia":[{"embeddable":true,"href":"https:\/\/agora.xtec.cat\/ietorrelles\/wp-json\/wp\/v2\/media\/2556"}],"wp:attachment":[{"href":"https:\/\/agora.xtec.cat\/ietorrelles\/wp-json\/wp\/v2\/media?parent=2555"}],"wp:term":[{"taxonomy":"category","embeddable":true,"href":"https:\/\/agora.xtec.cat\/ietorrelles\/wp-json\/wp\/v2\/categories?post=2555"},{"taxonomy":"post_tag","embeddable":true,"href":"https:\/\/agora.xtec.cat\/ietorrelles\/wp-json\/wp\/v2\/tags?post=2555"}],"curies":[{"name":"wp","href":"https:\/\/api.w.org\/{rel}","templated":true}]}}