{"id":2550,"date":"2024-05-13T16:47:58","date_gmt":"2024-05-13T14:47:58","guid":{"rendered":"https:\/\/agora.xtec.cat\/ietorrelles\/?p=2550"},"modified":"2024-05-14T17:17:08","modified_gmt":"2024-05-14T15:17:08","slug":"resultats-de-les-proves-cangur-2024","status":"publish","type":"post","link":"https:\/\/agora.xtec.cat\/ietorrelles\/eso-2\/resultats-de-les-proves-cangur-2024\/","title":{"rendered":"Resultats de les proves Cangur 2024"},"content":{"rendered":"<p><span style=\"font-weight: 400;\">El passat dilluns 29 d&#8217;abril es van fer p\u00fabliques les notes de les proves cangur. La Societat Catalana de Matem\u00e0tiques difon els els llistats de l&#8217;alumnat que est\u00e0 entre el 5&#8217;5% millor de tot Catalunya, i alguns dels nostres alumnes han quedat dins com a destacats.\u00a0<\/span><\/p>\n<p><span style=\"font-weight: 400;\">A continuaci\u00f3 us exposem, per cursos, la xifra d&#8217;alumnes que m\u00e9s han destacat i en quin percentatge (fins al 16% millor):\u00a0<\/span><\/p>\n<p>&nbsp;<\/p>\n<p style=\"text-align: left;\"><b>5\u00e8 de prim\u00e0ria<\/b><\/p>\n<p style=\"text-align: left;\"><span style=\"font-weight: 400;\">Participaci\u00f3 total: 12.336 alumnes<\/span><\/p>\n<table>\n<tbody>\n<tr>\n<td><span style=\"font-weight: 400;\">N. d\u2019alumnes dintre del 16% millor<\/span><\/td>\n<td><span style=\"font-weight: 400;\">Puntuaci\u00f3<\/span><\/td>\n<td><span style=\"font-weight: 400;\">Posici\u00f3<\/span><\/td>\n<td><span style=\"font-weight: 400;\">Posici\u00f3 (%)<\/span><\/td>\n<\/tr>\n<tr>\n<td><span style=\"font-weight: 400;\">N\u00daRIA MORALES DE LA FUENTE<\/span><\/td>\n<td><span style=\"font-weight: 400;\">68&#8217;75\u00a0<\/span><\/td>\n<td><span style=\"font-weight: 400;\">1442<\/span><\/td>\n<td><span style=\"font-weight: 400;\">11&#8217;60%<\/span><\/td>\n<\/tr>\n<\/tbody>\n<\/table>\n<p>&nbsp;<\/p>\n<p><b>6\u00e8 de prim\u00e0ria<\/b><\/p>\n<p><span style=\"font-weight: 400;\">Participaci\u00f3 total: 12.745 alumnes.<\/span><\/p>\n<table>\n<tbody>\n<tr>\n<td><span style=\"font-weight: 400;\">N. d\u2019alumnes dintre del 16% millor<\/span><\/td>\n<td><span style=\"font-weight: 400;\">Puntuaci\u00f3<\/span><\/td>\n<td><span style=\"font-weight: 400;\">Posici\u00f3<\/span><\/td>\n<td><span style=\"font-weight: 400;\">Posici\u00f3 (%)<\/span><\/td>\n<\/tr>\n<tr>\n<td><span style=\"font-weight: 400;\">YANIRA CABALLERO MORALES<\/span><\/td>\n<td><span style=\"font-weight: 400;\">66&#8217;75<\/span><\/td>\n<td><span style=\"font-weight: 400;\">1266<\/span><\/td>\n<td><span style=\"font-weight: 400;\">9&#8217;93%<\/span><\/td>\n<\/tr>\n<tr>\n<td><span style=\"font-weight: 400;\">GAEL OSORIO RU\u00cdZ\u00a0<\/span><\/td>\n<td><span style=\"font-weight: 400;\"> 60&#8217;5\u00a0<\/span><\/td>\n<td><span style=\"font-weight: 400;\">2129<\/span><\/td>\n<td><span style=\"font-weight: 400;\">16&#8217;70%<\/span><\/td>\n<\/tr>\n<\/tbody>\n<\/table>\n<p>&nbsp;<\/p>\n<p><b>1r d&#8217;ESO\u00a0\u00a0\u00a0\u00a0\u00a0\u00a0\u00a0<\/b><\/p>\n<p><span style=\"font-weight: 400;\">Participaci\u00f3 total: 23.586 alumnes.<\/span><\/p>\n<table>\n<tbody>\n<tr>\n<td><span style=\"font-weight: 400;\">N. d\u2019alumnes dintre del 16% millor<\/span><\/td>\n<td><span style=\"font-weight: 400;\">Puntuaci\u00f3<\/span><\/td>\n<td><span style=\"font-weight: 400;\">Posici\u00f3<\/span><\/td>\n<td><span style=\"font-weight: 400;\">Posici\u00f3 (%)<\/span><\/td>\n<\/tr>\n<tr>\n<td>SARA URE\u00d1A BERNAT<\/td>\n<td><span style=\"font-weight: 400;\">84&#8217;5\u00a0<\/span><\/td>\n<td><span style=\"font-weight: 400;\">1266<\/span><\/td>\n<td><span style=\"font-weight: 400;\"> 5&#8217;36%<\/span><\/td>\n<\/tr>\n<tr>\n<td>DANIEL CORT\u00c9S MAGAN<\/td>\n<td><span style=\"font-weight: 400;\">83&#8217;5\u00a0<\/span><\/td>\n<td><span style=\"font-weight: 400;\">1404<\/span><\/td>\n<td><span style=\"font-weight: 400;\">5&#8217;95%<\/span><\/td>\n<\/tr>\n<tr>\n<td>C\u00c9SAR L\u00d3PEZ BRAVO<\/td>\n<td><span style=\"font-weight: 400;\">78&#8217;5<\/span><\/td>\n<td><span style=\"font-weight: 400;\">2168<\/span><\/td>\n<td><span style=\"font-weight: 400;\"> 9&#8217;19%<\/span><\/td>\n<\/tr>\n<tr>\n<td>MARIA PI GONZ\u00c1LEZ<\/td>\n<td><span style=\"font-weight: 400;\">77&#8217;5\u00a0<\/span><\/td>\n<td><span style=\"font-weight: 400;\">2292<\/span><\/td>\n<td><span style=\"font-weight: 400;\">9&#8217;72%<\/span><\/td>\n<\/tr>\n<tr>\n<td>LLUNA SEGOVIA SONEIRA<\/td>\n<td><span style=\"font-weight: 400;\">71\u00a0<\/span><\/td>\n<td><span style=\"font-weight: 400;\">3794<\/span><\/td>\n<td><span style=\"font-weight: 400;\">16&#8217;09%<\/span><\/td>\n<\/tr>\n<\/tbody>\n<\/table>\n<p>&nbsp;<\/p>\n<p><b>2n d&#8217;ESO\u00a0\u00a0\u00a0\u00a0\u00a0\u00a0<\/b><\/p>\n<p><span style=\"font-weight: 400;\">Participaci\u00f3 total: 21.333 alumnes.<\/span><\/p>\n<table>\n<tbody>\n<tr>\n<td><span style=\"font-weight: 400;\">N. d\u2019alumnes dintre del 16% millor<\/span><\/td>\n<td><span style=\"font-weight: 400;\">Puntuaci\u00f3<\/span><\/td>\n<td><span style=\"font-weight: 400;\">Posici\u00f3<\/span><\/td>\n<td><span style=\"font-weight: 400;\">Posici\u00f3 (%)<\/span><\/td>\n<\/tr>\n<tr>\n<td>IN\u00c9S P\u00c9REZ ESQU\u00cdROZ<\/td>\n<td><span style=\"font-weight: 400;\">104&#8217;75\u00a0<\/span><\/td>\n<td><span style=\"font-weight: 400;\">78<\/span><\/td>\n<td><span style=\"font-weight: 400;\">0&#8217;37%<\/span><\/td>\n<\/tr>\n<tr>\n<td>\u00c0UREA ROMAGOSA L\u00d3PEZ<\/td>\n<td><span style=\"font-weight: 400;\">57&#8217;25\u00a0<\/span><\/td>\n<td><span style=\"font-weight: 400;\">2871<\/span><\/td>\n<td><span style=\"font-weight: 400;\">13&#8217;46%<\/span><\/td>\n<\/tr>\n<tr>\n<td>PAU SANMART\u00cd CU\u00c9LLAR i EMILY JIM\u00c9NEZ TRIVI\u00d1O<\/td>\n<td><span style=\"font-weight: 400;\">55&#8217;75\u00a0<\/span><\/td>\n<td><span style=\"font-weight: 400;\">3239<\/span><\/td>\n<td><span style=\"font-weight: 400;\">15&#8217;18%<\/span><\/td>\n<\/tr>\n<tr>\n<td>VALENT\u00cd ROIG PALET<\/td>\n<td><span style=\"font-weight: 400;\">54&#8217;75\u00a0<\/span><\/td>\n<td><span style=\"font-weight: 400;\">3488<\/span><\/td>\n<td><span style=\"font-weight: 400;\">16&#8217;35%\u00a0<\/span><\/td>\n<\/tr>\n<\/tbody>\n<\/table>\n<p><span style=\"font-weight: 400;\">Cal destacar que la In\u00e9s P\u00e9rez ha estat molt a prop d&#8217;obtenir una menci\u00f3 d&#8217;honor en un acte p\u00fablic en una universitat catalana.\u00a0<\/span><\/p>\n<p>&nbsp;<\/p>\n<p><b>3r d&#8217;ESO\u00a0\u00a0\u00a0\u00a0\u00a0\u00a0\u00a0<\/b><\/p>\n<p><span style=\"font-weight: 400;\">Participaci\u00f3 total: 17.872 alumnes.<\/span><\/p>\n<table>\n<tbody>\n<tr>\n<td><span style=\"font-weight: 400;\">N. d\u2019alumnes dintre del 16% millor<\/span><\/td>\n<td><span style=\"font-weight: 400;\">Puntuaci\u00f3<\/span><\/td>\n<td><span style=\"font-weight: 400;\">Posici\u00f3<\/span><\/td>\n<td><span style=\"font-weight: 400;\">Posici\u00f3 (%)<\/span><\/td>\n<\/tr>\n<tr>\n<td>J\u00daLIA GALLARDO GALLEGO<\/td>\n<td><span style=\"font-weight: 400;\">75&#8217;5\u00a0<\/span><\/td>\n<td><span style=\"font-weight: 400;\">1638<\/span><\/td>\n<td><span style=\"font-weight: 400;\"> 9&#8217;17%<\/span><\/td>\n<\/tr>\n<tr>\n<td>MARIO SALDES MART\u00cdNEZ<\/td>\n<td><span style=\"font-weight: 400;\">70\u00a0<\/span><\/td>\n<td><span style=\"font-weight: 400;\">2459<\/span><\/td>\n<td><span style=\"font-weight: 400;\">13&#8217;76%\u00a0<\/span><\/td>\n<\/tr>\n<\/tbody>\n<\/table>\n<p>&nbsp;<\/p>\n<p><b>4t d&#8217;ESO\u00a0\u00a0\u00a0\u00a0\u00a0\u00a0\u00a0<\/b><\/p>\n<p><span style=\"font-weight: 400;\">Participaci\u00f3 total: 14.172 alumnes<\/span><\/p>\n<table>\n<tbody>\n<tr>\n<td><span style=\"font-weight: 400;\">N. d\u2019alumnes dintre del 16% millor<\/span><\/td>\n<td><span style=\"font-weight: 400;\">Puntuaci\u00f3<\/span><\/td>\n<td><span style=\"font-weight: 400;\">Posici\u00f3<\/span><\/td>\n<td><span style=\"font-weight: 400;\">Posici\u00f3 (%)<\/span><\/td>\n<\/tr>\n<tr>\n<td>ONA PERERA FERN\u00c1NDEZ<\/td>\n<td><span style=\"font-weight: 400;\">81&#8217;25\u00a0<\/span><\/td>\n<td><span style=\"font-weight: 400;\">432<\/span><\/td>\n<td><span style=\"font-weight: 400;\">3&#8217;05%<\/span><\/td>\n<\/tr>\n<tr>\n<td>ORIOL GONZ\u00c1LEZ GARC\u00cdA<\/td>\n<td><span style=\"font-weight: 400;\">77&#8217;5\u00a0<\/span><\/td>\n<td><span style=\"font-weight: 400;\">611<\/span><\/td>\n<td><span style=\"font-weight: 400;\">4&#8217;31%<\/span><\/td>\n<\/tr>\n<tr>\n<td>MARCO PARE VERES<\/td>\n<td><span style=\"font-weight: 400;\">72&#8217;5<\/span><\/td>\n<td><span style=\"font-weight: 400;\">961<\/span><\/td>\n<td><span style=\"font-weight: 400;\">6&#8217;78%<\/span><\/td>\n<\/tr>\n<tr>\n<td>J\u00daLIA OLIVERAS MADRID<\/td>\n<td><span style=\"font-weight: 400;\">63&#8217;75<\/span><\/td>\n<td><span style=\"font-weight: 400;\">2023<\/span><\/td>\n<td><span style=\"font-weight: 400;\">14&#8217;27%<\/span><\/td>\n<\/tr>\n<\/tbody>\n<\/table>\n<p>&nbsp;<\/p>\n","protected":false},"excerpt":{"rendered":"<p>El passat dilluns 29 d&#8217;abril es van fer p\u00fabliques les notes de les proves cangur. La Societat Catalana de Matem\u00e0tiques difon els els llistats de l&#8217;alumnat que est\u00e0 entre el 5&#8217;5% millor de tot Catalunya, i alguns dels nostres alumnes han quedat dins com a&hellip;  <a href=\"https:\/\/agora.xtec.cat\/ietorrelles\/eso-2\/resultats-de-les-proves-cangur-2024\/\" title=\"Read Resultats de les proves Cangur 2024\">Llegeix m\u00e9s\u00bb<\/a><\/p>\n","protected":false},"author":69,"featured_media":2554,"comment_status":"open","ping_status":"closed","sticky":false,"template":"","format":"standard","meta":{"_bbp_topic_count":0,"_bbp_reply_count":0,"_bbp_total_topic_count":0,"_bbp_total_reply_count":0,"_bbp_voice_count":0,"_bbp_anonymous_reply_count":0,"_bbp_topic_count_hidden":0,"_bbp_reply_count_hidden":0,"_bbp_forum_subforum_count":0,"footnotes":""},"categories":[14,15,1],"tags":[],"class_list":["post-2550","post","type-post","status-publish","format-standard","has-post-thumbnail","hentry","category-5e","category-6e","category-eso-2"],"post_mailing_queue_ids":[],"_links":{"self":[{"href":"https:\/\/agora.xtec.cat\/ietorrelles\/wp-json\/wp\/v2\/posts\/2550","targetHints":{"allow":["GET"]}}],"collection":[{"href":"https:\/\/agora.xtec.cat\/ietorrelles\/wp-json\/wp\/v2\/posts"}],"about":[{"href":"https:\/\/agora.xtec.cat\/ietorrelles\/wp-json\/wp\/v2\/types\/post"}],"author":[{"embeddable":true,"href":"https:\/\/agora.xtec.cat\/ietorrelles\/wp-json\/wp\/v2\/users\/69"}],"replies":[{"embeddable":true,"href":"https:\/\/agora.xtec.cat\/ietorrelles\/wp-json\/wp\/v2\/comments?post=2550"}],"version-history":[{"count":2,"href":"https:\/\/agora.xtec.cat\/ietorrelles\/wp-json\/wp\/v2\/posts\/2550\/revisions"}],"predecessor-version":[{"id":2570,"href":"https:\/\/agora.xtec.cat\/ietorrelles\/wp-json\/wp\/v2\/posts\/2550\/revisions\/2570"}],"wp:featuredmedia":[{"embeddable":true,"href":"https:\/\/agora.xtec.cat\/ietorrelles\/wp-json\/wp\/v2\/media\/2554"}],"wp:attachment":[{"href":"https:\/\/agora.xtec.cat\/ietorrelles\/wp-json\/wp\/v2\/media?parent=2550"}],"wp:term":[{"taxonomy":"category","embeddable":true,"href":"https:\/\/agora.xtec.cat\/ietorrelles\/wp-json\/wp\/v2\/categories?post=2550"},{"taxonomy":"post_tag","embeddable":true,"href":"https:\/\/agora.xtec.cat\/ietorrelles\/wp-json\/wp\/v2\/tags?post=2550"}],"curies":[{"name":"wp","href":"https:\/\/api.w.org\/{rel}","templated":true}]}}