{"id":2522,"date":"2024-05-08T09:00:15","date_gmt":"2024-05-08T07:00:15","guid":{"rendered":"https:\/\/agora.xtec.cat\/ietorrelles\/?p=2522"},"modified":"2024-05-06T16:40:03","modified_gmt":"2024-05-06T14:40:03","slug":"ultim-berenar-del-projecte-de-6e-de-primaria","status":"publish","type":"post","link":"https:\/\/agora.xtec.cat\/ietorrelles\/eso-2\/infantil\/ultim-berenar-del-projecte-de-6e-de-primaria\/","title":{"rendered":"\u00daltim Berenar del Projecte de 6\u00e8 de Prim\u00e0ria!"},"content":{"rendered":"<p data-pm-slice=\"1 1 []\">Aquest divendres ser\u00e0 el darrer berenar dins del projecte de 6\u00e8 de Prim\u00e0ria. Des de principi de curs, ens heu recolzat amb el vostre suport totes les fam\u00edlies de l&#8217;edifici groc i de l&#8217;edifici verd.<\/p>\n<p>Volem donar-vos les gr\u00e0cies a totes les fam\u00edlies que heu contribu\u00eft amb la vostra generositat i suport a aquest projecte al llarg de tot l&#8217;any. Sense la vostra participaci\u00f3 activa, aquesta experi\u00e8ncia no hauria estat possible.<\/p>\n<p><a href=\"https:\/\/agora.xtec.cat\/ietorrelles\/wp-content\/uploads\/usu2293\/2024\/05\/moltes-gracies-1.jpg\"><img loading=\"lazy\" decoding=\"async\" class=\"alignnone size-full wp-image-2501\" src=\"https:\/\/agora.xtec.cat\/ietorrelles\/wp-content\/uploads\/usu2293\/2024\/05\/moltes-gracies-1.jpg\" alt=\"\" width=\"1080\" height=\"689\" srcset=\"https:\/\/agora.xtec.cat\/ietorrelles\/wp-content\/uploads\/usu2293\/2024\/05\/moltes-gracies-1.jpg 1080w, https:\/\/agora.xtec.cat\/ietorrelles\/wp-content\/uploads\/usu2293\/2024\/05\/moltes-gracies-1-300x191.jpg 300w, https:\/\/agora.xtec.cat\/ietorrelles\/wp-content\/uploads\/usu2293\/2024\/05\/moltes-gracies-1-1024x653.jpg 1024w, https:\/\/agora.xtec.cat\/ietorrelles\/wp-content\/uploads\/usu2293\/2024\/05\/moltes-gracies-1-768x490.jpg 768w\" sizes=\"auto, (max-width: 1080px) 100vw, 1080px\" \/><\/a><\/p>\n","protected":false},"excerpt":{"rendered":"<p>Aquest divendres ser\u00e0 el darrer berenar dins del projecte de 6\u00e8 de Prim\u00e0ria. Des de principi de curs, ens heu recolzat amb el vostre suport totes les fam\u00edlies de l&#8217;edifici groc i de l&#8217;edifici verd.<br \/>\nVolem donar-vos les gr\u00e0cies a totes les fam\u00edlies que heu contribu\u00eft&hellip;  <a href=\"https:\/\/agora.xtec.cat\/ietorrelles\/eso-2\/infantil\/ultim-berenar-del-projecte-de-6e-de-primaria\/\" title=\"Read \u00daltim Berenar del Projecte de 6\u00e8 de Prim\u00e0ria!\">Llegeix m\u00e9s\u00bb<\/a><\/p>\n","protected":false},"author":68,"featured_media":2501,"comment_status":"open","ping_status":"closed","sticky":false,"template":"","format":"standard","meta":{"_bbp_topic_count":0,"_bbp_reply_count":0,"_bbp_total_topic_count":0,"_bbp_total_reply_count":0,"_bbp_voice_count":0,"_bbp_anonymous_reply_count":0,"_bbp_topic_count_hidden":0,"_bbp_reply_count_hidden":0,"_bbp_forum_subforum_count":0,"footnotes":""},"categories":[2,5,119],"tags":[],"class_list":["post-2522","post","type-post","status-publish","format-standard","has-post-thumbnail","hentry","category-infantil","category-primaria","category-revista"],"post_mailing_queue_ids":[],"_links":{"self":[{"href":"https:\/\/agora.xtec.cat\/ietorrelles\/wp-json\/wp\/v2\/posts\/2522","targetHints":{"allow":["GET"]}}],"collection":[{"href":"https:\/\/agora.xtec.cat\/ietorrelles\/wp-json\/wp\/v2\/posts"}],"about":[{"href":"https:\/\/agora.xtec.cat\/ietorrelles\/wp-json\/wp\/v2\/types\/post"}],"author":[{"embeddable":true,"href":"https:\/\/agora.xtec.cat\/ietorrelles\/wp-json\/wp\/v2\/users\/68"}],"replies":[{"embeddable":true,"href":"https:\/\/agora.xtec.cat\/ietorrelles\/wp-json\/wp\/v2\/comments?post=2522"}],"version-history":[{"count":1,"href":"https:\/\/agora.xtec.cat\/ietorrelles\/wp-json\/wp\/v2\/posts\/2522\/revisions"}],"predecessor-version":[{"id":2523,"href":"https:\/\/agora.xtec.cat\/ietorrelles\/wp-json\/wp\/v2\/posts\/2522\/revisions\/2523"}],"wp:featuredmedia":[{"embeddable":true,"href":"https:\/\/agora.xtec.cat\/ietorrelles\/wp-json\/wp\/v2\/media\/2501"}],"wp:attachment":[{"href":"https:\/\/agora.xtec.cat\/ietorrelles\/wp-json\/wp\/v2\/media?parent=2522"}],"wp:term":[{"taxonomy":"category","embeddable":true,"href":"https:\/\/agora.xtec.cat\/ietorrelles\/wp-json\/wp\/v2\/categories?post=2522"},{"taxonomy":"post_tag","embeddable":true,"href":"https:\/\/agora.xtec.cat\/ietorrelles\/wp-json\/wp\/v2\/tags?post=2522"}],"curies":[{"name":"wp","href":"https:\/\/api.w.org\/{rel}","templated":true}]}}