{"id":2470,"date":"2024-04-25T18:58:57","date_gmt":"2024-04-25T16:58:57","guid":{"rendered":"https:\/\/agora.xtec.cat\/ietorrelles\/?p=2470"},"modified":"2024-04-26T20:58:34","modified_gmt":"2024-04-26T18:58:34","slug":"gran-exit-amb-lobra-de-teatre-de-la-comunitat-de-grans","status":"publish","type":"post","link":"https:\/\/agora.xtec.cat\/ietorrelles\/eso-2\/infantil\/gran-exit-amb-lobra-de-teatre-de-la-comunitat-de-grans\/","title":{"rendered":"Gran \u00e8xit amb l&#8217;obra de teatre de la COMUNITAT DE GRANS!"},"content":{"rendered":"<p>L&#8217;alumnat de la comunitat de grans de l&#8217;Institut Escola de Torrelles ha fet gala del seu talent art\u00edstic amb una representaci\u00f3 teatral dirigida tant a la comunitat de petits com als membres de la comunitat de grans i les seves fam\u00edlies. L&#8217;esdeveniment, que ha tingut lloc a l&#8217;emblem\u00e0tic escenari de l&#8217;Ateneu Torrellenc, ha estat una experi\u00e8ncia inoblidable per a tots els assistents.<\/p>\n<p>Despr\u00e9s de la funci\u00f3, acompanyats per la Marina, l&#8217;alumnat ha participat en una din\u00e0mica reflexiva sobre els sentiments i les emocions que han sorgit durant la representaci\u00f3, aix\u00ed com les experi\u00e8ncies i aprenentatges que n&#8217;han derivat en tot el proc\u00e9s.<\/p>\n<p>Ja teniu les fotografies i el v\u00eddeo de l&#8217;obra de teatre al DRIVE!<\/p>\n<p><a href=\"https:\/\/agora.xtec.cat\/ietorrelles\/wp-content\/uploads\/usu2293\/2024\/04\/WhatsApp-Image-2024-04-25-at-6.56.55-PM.jpeg\"><img loading=\"lazy\" decoding=\"async\" class=\"alignnone size-full wp-image-2471\" src=\"https:\/\/agora.xtec.cat\/ietorrelles\/wp-content\/uploads\/usu2293\/2024\/04\/WhatsApp-Image-2024-04-25-at-6.56.55-PM.jpeg\" alt=\"\" width=\"2048\" height=\"1536\" srcset=\"https:\/\/agora.xtec.cat\/ietorrelles\/wp-content\/uploads\/usu2293\/2024\/04\/WhatsApp-Image-2024-04-25-at-6.56.55-PM.jpeg 2048w, https:\/\/agora.xtec.cat\/ietorrelles\/wp-content\/uploads\/usu2293\/2024\/04\/WhatsApp-Image-2024-04-25-at-6.56.55-PM-300x225.jpeg 300w, https:\/\/agora.xtec.cat\/ietorrelles\/wp-content\/uploads\/usu2293\/2024\/04\/WhatsApp-Image-2024-04-25-at-6.56.55-PM-1024x768.jpeg 1024w, https:\/\/agora.xtec.cat\/ietorrelles\/wp-content\/uploads\/usu2293\/2024\/04\/WhatsApp-Image-2024-04-25-at-6.56.55-PM-768x576.jpeg 768w, https:\/\/agora.xtec.cat\/ietorrelles\/wp-content\/uploads\/usu2293\/2024\/04\/WhatsApp-Image-2024-04-25-at-6.56.55-PM-1536x1152.jpeg 1536w, https:\/\/agora.xtec.cat\/ietorrelles\/wp-content\/uploads\/usu2293\/2024\/04\/WhatsApp-Image-2024-04-25-at-6.56.55-PM-200x150.jpeg 200w\" sizes=\"auto, (max-width: 2048px) 100vw, 2048px\" \/><\/a><\/p>\n","protected":false},"excerpt":{"rendered":"<p>L&#8217;alumnat de la comunitat de grans de l&#8217;Institut Escola de Torrelles ha fet gala del seu talent art\u00edstic amb una representaci\u00f3 teatral dirigida tant a la comunitat de petits com als membres de la comunitat de grans i les seves fam\u00edlies. L&#8217;esdeveniment, que ha tingut&hellip;  <a href=\"https:\/\/agora.xtec.cat\/ietorrelles\/eso-2\/infantil\/gran-exit-amb-lobra-de-teatre-de-la-comunitat-de-grans\/\" title=\"Read Gran \u00e8xit amb l&#8217;obra de teatre de la COMUNITAT DE GRANS!\">Llegeix m\u00e9s\u00bb<\/a><\/p>\n","protected":false},"author":68,"featured_media":2471,"comment_status":"open","ping_status":"closed","sticky":false,"template":"","format":"standard","meta":{"_bbp_topic_count":0,"_bbp_reply_count":0,"_bbp_total_topic_count":0,"_bbp_total_reply_count":0,"_bbp_voice_count":0,"_bbp_anonymous_reply_count":0,"_bbp_topic_count_hidden":0,"_bbp_reply_count_hidden":0,"_bbp_forum_subforum_count":0,"footnotes":""},"categories":[13,14,15,3,8,9,2,5],"tags":[],"class_list":["post-2470","post","type-post","status-publish","format-standard","has-post-thumbnail","hentry","category-4t","category-5e","category-6e","category-i3","category-i4","category-i5","category-infantil","category-primaria"],"post_mailing_queue_ids":[],"_links":{"self":[{"href":"https:\/\/agora.xtec.cat\/ietorrelles\/wp-json\/wp\/v2\/posts\/2470","targetHints":{"allow":["GET"]}}],"collection":[{"href":"https:\/\/agora.xtec.cat\/ietorrelles\/wp-json\/wp\/v2\/posts"}],"about":[{"href":"https:\/\/agora.xtec.cat\/ietorrelles\/wp-json\/wp\/v2\/types\/post"}],"author":[{"embeddable":true,"href":"https:\/\/agora.xtec.cat\/ietorrelles\/wp-json\/wp\/v2\/users\/68"}],"replies":[{"embeddable":true,"href":"https:\/\/agora.xtec.cat\/ietorrelles\/wp-json\/wp\/v2\/comments?post=2470"}],"version-history":[{"count":2,"href":"https:\/\/agora.xtec.cat\/ietorrelles\/wp-json\/wp\/v2\/posts\/2470\/revisions"}],"predecessor-version":[{"id":2473,"href":"https:\/\/agora.xtec.cat\/ietorrelles\/wp-json\/wp\/v2\/posts\/2470\/revisions\/2473"}],"wp:featuredmedia":[{"embeddable":true,"href":"https:\/\/agora.xtec.cat\/ietorrelles\/wp-json\/wp\/v2\/media\/2471"}],"wp:attachment":[{"href":"https:\/\/agora.xtec.cat\/ietorrelles\/wp-json\/wp\/v2\/media?parent=2470"}],"wp:term":[{"taxonomy":"category","embeddable":true,"href":"https:\/\/agora.xtec.cat\/ietorrelles\/wp-json\/wp\/v2\/categories?post=2470"},{"taxonomy":"post_tag","embeddable":true,"href":"https:\/\/agora.xtec.cat\/ietorrelles\/wp-json\/wp\/v2\/tags?post=2470"}],"curies":[{"name":"wp","href":"https:\/\/api.w.org\/{rel}","templated":true}]}}