{"id":2392,"date":"2024-04-15T17:22:13","date_gmt":"2024-04-15T15:22:13","guid":{"rendered":"https:\/\/agora.xtec.cat\/ietorrelles\/?p=2392"},"modified":"2024-04-15T17:22:13","modified_gmt":"2024-04-15T15:22:13","slug":"2a-americana-de-padel-solidaria","status":"publish","type":"post","link":"https:\/\/agora.xtec.cat\/ietorrelles\/eso-2\/2a-americana-de-padel-solidaria\/","title":{"rendered":"2a Americana de P\u00e0del solid\u00e0ria"},"content":{"rendered":"<p>Estem encantats de compartir amb vosaltres que la 2a Americana Solid\u00e0ria amb\u00a0<span class=\"hiddenSpellError\">Tujereng<\/span>\u00a0ja ha arribat. Amb aquesta col\u00b7laboraci\u00f3 entre tots nosaltres, estem fent realitat un projecte significatiu que t\u00e9 un impacte positiu tant\u00a0en l&#8217;\u00e0mbit local\u00a0com internacional. Vols m\u00e9s informaci\u00f3? T&#8217;adjuntem el cartell.<\/p>\n<p><a href=\"https:\/\/agora.xtec.cat\/ietorrelles\/wp-content\/uploads\/usu2293\/2024\/04\/Cartell-2a-americana.jpeg\"><img loading=\"lazy\" decoding=\"async\" class=\"alignnone size-full wp-image-2393\" src=\"https:\/\/agora.xtec.cat\/ietorrelles\/wp-content\/uploads\/usu2293\/2024\/04\/Cartell-2a-americana.jpeg\" alt=\"\" width=\"800\" height=\"800\" srcset=\"https:\/\/agora.xtec.cat\/ietorrelles\/wp-content\/uploads\/usu2293\/2024\/04\/Cartell-2a-americana.jpeg 800w, https:\/\/agora.xtec.cat\/ietorrelles\/wp-content\/uploads\/usu2293\/2024\/04\/Cartell-2a-americana-300x300.jpeg 300w, https:\/\/agora.xtec.cat\/ietorrelles\/wp-content\/uploads\/usu2293\/2024\/04\/Cartell-2a-americana-150x150.jpeg 150w, https:\/\/agora.xtec.cat\/ietorrelles\/wp-content\/uploads\/usu2293\/2024\/04\/Cartell-2a-americana-768x768.jpeg 768w\" sizes=\"auto, (max-width: 800px) 100vw, 800px\" \/><\/a><\/p>\n<p>&nbsp;<\/p>\n","protected":false},"excerpt":{"rendered":"<p>Estem encantats de compartir amb vosaltres que la 2a Americana Solid\u00e0ria amb\u00a0Tujereng\u00a0ja ha arribat. Amb aquesta col\u00b7laboraci\u00f3 entre tots nosaltres, estem fent realitat un projecte significatiu que t\u00e9 un impacte positiu tant\u00a0en l&#8217;\u00e0mbit local\u00a0com internacional. Vols m\u00e9s informaci\u00f3? T&#8217;adjuntem el cartell.<br \/>\n<a href=\"https:\/\/agora.xtec.cat\/ietorrelles\/wp-content\/uploads\/usu2293\/2024\/04\/Cartell-2a-americana.jpeg\"><\/a><br \/>\n&nbsp;<\/p>\n","protected":false},"author":68,"featured_media":2393,"comment_status":"open","ping_status":"closed","sticky":false,"template":"","format":"standard","meta":{"_bbp_topic_count":0,"_bbp_reply_count":0,"_bbp_total_topic_count":0,"_bbp_total_reply_count":0,"_bbp_voice_count":0,"_bbp_anonymous_reply_count":0,"_bbp_topic_count_hidden":0,"_bbp_reply_count_hidden":0,"_bbp_forum_subforum_count":0,"footnotes":""},"categories":[7,1,2,5,119],"tags":[],"class_list":["post-2392","post","type-post","status-publish","format-standard","has-post-thumbnail","hentry","category-ampa","category-eso-2","category-infantil","category-primaria","category-revista"],"post_mailing_queue_ids":[],"_links":{"self":[{"href":"https:\/\/agora.xtec.cat\/ietorrelles\/wp-json\/wp\/v2\/posts\/2392","targetHints":{"allow":["GET"]}}],"collection":[{"href":"https:\/\/agora.xtec.cat\/ietorrelles\/wp-json\/wp\/v2\/posts"}],"about":[{"href":"https:\/\/agora.xtec.cat\/ietorrelles\/wp-json\/wp\/v2\/types\/post"}],"author":[{"embeddable":true,"href":"https:\/\/agora.xtec.cat\/ietorrelles\/wp-json\/wp\/v2\/users\/68"}],"replies":[{"embeddable":true,"href":"https:\/\/agora.xtec.cat\/ietorrelles\/wp-json\/wp\/v2\/comments?post=2392"}],"version-history":[{"count":1,"href":"https:\/\/agora.xtec.cat\/ietorrelles\/wp-json\/wp\/v2\/posts\/2392\/revisions"}],"predecessor-version":[{"id":2394,"href":"https:\/\/agora.xtec.cat\/ietorrelles\/wp-json\/wp\/v2\/posts\/2392\/revisions\/2394"}],"wp:featuredmedia":[{"embeddable":true,"href":"https:\/\/agora.xtec.cat\/ietorrelles\/wp-json\/wp\/v2\/media\/2393"}],"wp:attachment":[{"href":"https:\/\/agora.xtec.cat\/ietorrelles\/wp-json\/wp\/v2\/media?parent=2392"}],"wp:term":[{"taxonomy":"category","embeddable":true,"href":"https:\/\/agora.xtec.cat\/ietorrelles\/wp-json\/wp\/v2\/categories?post=2392"},{"taxonomy":"post_tag","embeddable":true,"href":"https:\/\/agora.xtec.cat\/ietorrelles\/wp-json\/wp\/v2\/tags?post=2392"}],"curies":[{"name":"wp","href":"https:\/\/api.w.org\/{rel}","templated":true}]}}