{"id":2311,"date":"2024-03-04T13:47:44","date_gmt":"2024-03-04T12:47:44","guid":{"rendered":"https:\/\/agora.xtec.cat\/ietorrelles\/?p=2311"},"modified":"2024-03-19T13:59:41","modified_gmt":"2024-03-19T12:59:41","slug":"excursio-al-parc-natural-del-garraf-5e-de-primaria","status":"publish","type":"post","link":"https:\/\/agora.xtec.cat\/ietorrelles\/eso-2\/primaria\/excursio-al-parc-natural-del-garraf-5e-de-primaria\/","title":{"rendered":"Excursi\u00f3 al Parc Natural del Garraf (5\u00e8 de Prim\u00e0ria)"},"content":{"rendered":"<p>L&#8217;alumnat de cinqu\u00e8 de prim\u00e0ria va viure una aventura recentment amb una excursi\u00f3 al Parc Natural del Garraf. Aquesta sortida va ser una part integral de l&#8217;ampliaci\u00f3 del projecte &#8220;Muntanyes&#8221;, que han estat explorant durant el segon trimestre.<\/p>\n<p><a href=\"https:\/\/agora.xtec.cat\/ietorrelles\/wp-content\/uploads\/usu2293\/2024\/03\/WhatsApp-Image-2024-03-18-at-5.49.52-PM.jpeg\"><img loading=\"lazy\" decoding=\"async\" class=\"alignnone size-full wp-image-2312\" src=\"https:\/\/agora.xtec.cat\/ietorrelles\/wp-content\/uploads\/usu2293\/2024\/03\/WhatsApp-Image-2024-03-18-at-5.49.52-PM.jpeg\" alt=\"\" width=\"1600\" height=\"1200\" srcset=\"https:\/\/agora.xtec.cat\/ietorrelles\/wp-content\/uploads\/usu2293\/2024\/03\/WhatsApp-Image-2024-03-18-at-5.49.52-PM.jpeg 1600w, https:\/\/agora.xtec.cat\/ietorrelles\/wp-content\/uploads\/usu2293\/2024\/03\/WhatsApp-Image-2024-03-18-at-5.49.52-PM-300x225.jpeg 300w, https:\/\/agora.xtec.cat\/ietorrelles\/wp-content\/uploads\/usu2293\/2024\/03\/WhatsApp-Image-2024-03-18-at-5.49.52-PM-1024x768.jpeg 1024w, https:\/\/agora.xtec.cat\/ietorrelles\/wp-content\/uploads\/usu2293\/2024\/03\/WhatsApp-Image-2024-03-18-at-5.49.52-PM-768x576.jpeg 768w, https:\/\/agora.xtec.cat\/ietorrelles\/wp-content\/uploads\/usu2293\/2024\/03\/WhatsApp-Image-2024-03-18-at-5.49.52-PM-1536x1152.jpeg 1536w, https:\/\/agora.xtec.cat\/ietorrelles\/wp-content\/uploads\/usu2293\/2024\/03\/WhatsApp-Image-2024-03-18-at-5.49.52-PM-200x150.jpeg 200w\" sizes=\"auto, (max-width: 1600px) 100vw, 1600px\" \/><\/a><\/p>\n","protected":false},"excerpt":{"rendered":"<p>L&#8217;alumnat de cinqu\u00e8 de prim\u00e0ria va viure una aventura recentment amb una excursi\u00f3 al Parc Natural del Garraf. Aquesta sortida va ser una part integral de l&#8217;ampliaci\u00f3 del projecte &#8220;Muntanyes&#8221;, que han estat explorant durant el segon trimestre.<br \/>\n<a href=\"https:\/\/agora.xtec.cat\/ietorrelles\/wp-content\/uploads\/usu2293\/2024\/03\/WhatsApp-Image-2024-03-18-at-5.49.52-PM.jpeg\"><\/a><\/p>\n","protected":false},"author":68,"featured_media":2312,"comment_status":"open","ping_status":"closed","sticky":false,"template":"","format":"standard","meta":{"_bbp_topic_count":0,"_bbp_reply_count":0,"_bbp_total_topic_count":0,"_bbp_total_reply_count":0,"_bbp_voice_count":0,"_bbp_anonymous_reply_count":0,"_bbp_topic_count_hidden":0,"_bbp_reply_count_hidden":0,"_bbp_forum_subforum_count":0,"footnotes":""},"categories":[14,5],"tags":[],"class_list":["post-2311","post","type-post","status-publish","format-standard","has-post-thumbnail","hentry","category-5e","category-primaria"],"post_mailing_queue_ids":[],"_links":{"self":[{"href":"https:\/\/agora.xtec.cat\/ietorrelles\/wp-json\/wp\/v2\/posts\/2311","targetHints":{"allow":["GET"]}}],"collection":[{"href":"https:\/\/agora.xtec.cat\/ietorrelles\/wp-json\/wp\/v2\/posts"}],"about":[{"href":"https:\/\/agora.xtec.cat\/ietorrelles\/wp-json\/wp\/v2\/types\/post"}],"author":[{"embeddable":true,"href":"https:\/\/agora.xtec.cat\/ietorrelles\/wp-json\/wp\/v2\/users\/68"}],"replies":[{"embeddable":true,"href":"https:\/\/agora.xtec.cat\/ietorrelles\/wp-json\/wp\/v2\/comments?post=2311"}],"version-history":[{"count":1,"href":"https:\/\/agora.xtec.cat\/ietorrelles\/wp-json\/wp\/v2\/posts\/2311\/revisions"}],"predecessor-version":[{"id":2320,"href":"https:\/\/agora.xtec.cat\/ietorrelles\/wp-json\/wp\/v2\/posts\/2311\/revisions\/2320"}],"wp:featuredmedia":[{"embeddable":true,"href":"https:\/\/agora.xtec.cat\/ietorrelles\/wp-json\/wp\/v2\/media\/2312"}],"wp:attachment":[{"href":"https:\/\/agora.xtec.cat\/ietorrelles\/wp-json\/wp\/v2\/media?parent=2311"}],"wp:term":[{"taxonomy":"category","embeddable":true,"href":"https:\/\/agora.xtec.cat\/ietorrelles\/wp-json\/wp\/v2\/categories?post=2311"},{"taxonomy":"post_tag","embeddable":true,"href":"https:\/\/agora.xtec.cat\/ietorrelles\/wp-json\/wp\/v2\/tags?post=2311"}],"curies":[{"name":"wp","href":"https:\/\/api.w.org\/{rel}","templated":true}]}}