{"id":2307,"date":"2024-03-15T13:39:39","date_gmt":"2024-03-15T12:39:39","guid":{"rendered":"https:\/\/agora.xtec.cat\/ietorrelles\/?p=2307"},"modified":"2024-03-19T14:01:16","modified_gmt":"2024-03-19T13:01:16","slug":"activitat-de-laminata-5e-de-primaria","status":"publish","type":"post","link":"https:\/\/agora.xtec.cat\/ietorrelles\/eso-2\/primaria\/activitat-de-laminata-5e-de-primaria\/","title":{"rendered":"ACTIVITAT DE L&#8217;AMINATA (5\u00e8 de prim\u00e0ria)"},"content":{"rendered":"<p>Recentment, l&#8217;alumnat de cinqu\u00e8 de prim\u00e0ria han tingut el plaer de rebre la visita de Sandra\u00a0<span class=\"hiddenSpellError\">Ant\u00f3n<\/span>\u00a0per a una sessi\u00f3 enriquidora centrada en la hist\u00f2ria d&#8217;<span class=\"hiddenSpellError\">Aminata<\/span>. Aquesta narrativa captivadora feta des de Fandema a G\u00e0mbia, ha estat un punt focal dins del nostre projecte de reproducci\u00f3 i en el curr\u00edculum de llengua catalana.<\/p>\n<p>Mitjan\u00e7ant discussions i activitats dirigides per Sandra, l&#8217;alumnat ha adquirit una perspectiva m\u00e9s ampla sobre els esdeveniments hist\u00f2rics i els contextos culturals rellevants per a la hist\u00f2ria d&#8217;<span class=\"hiddenSpellError\">Aminata<\/span>.<\/p>\n<p><a href=\"https:\/\/agora.xtec.cat\/ietorrelles\/wp-content\/uploads\/usu2293\/2024\/03\/WhatsApp-Image-2024-03-18-at-5.47.34-PM.jpeg\"><img loading=\"lazy\" decoding=\"async\" class=\"alignnone size-full wp-image-2308\" src=\"https:\/\/agora.xtec.cat\/ietorrelles\/wp-content\/uploads\/usu2293\/2024\/03\/WhatsApp-Image-2024-03-18-at-5.47.34-PM.jpeg\" alt=\"\" width=\"1600\" height=\"1518\" srcset=\"https:\/\/agora.xtec.cat\/ietorrelles\/wp-content\/uploads\/usu2293\/2024\/03\/WhatsApp-Image-2024-03-18-at-5.47.34-PM.jpeg 1600w, https:\/\/agora.xtec.cat\/ietorrelles\/wp-content\/uploads\/usu2293\/2024\/03\/WhatsApp-Image-2024-03-18-at-5.47.34-PM-300x285.jpeg 300w, https:\/\/agora.xtec.cat\/ietorrelles\/wp-content\/uploads\/usu2293\/2024\/03\/WhatsApp-Image-2024-03-18-at-5.47.34-PM-1024x972.jpeg 1024w, https:\/\/agora.xtec.cat\/ietorrelles\/wp-content\/uploads\/usu2293\/2024\/03\/WhatsApp-Image-2024-03-18-at-5.47.34-PM-768x729.jpeg 768w, https:\/\/agora.xtec.cat\/ietorrelles\/wp-content\/uploads\/usu2293\/2024\/03\/WhatsApp-Image-2024-03-18-at-5.47.34-PM-1536x1457.jpeg 1536w\" sizes=\"auto, (max-width: 1600px) 100vw, 1600px\" \/><\/a><\/p>\n","protected":false},"excerpt":{"rendered":"<p>Recentment, l&#8217;alumnat de cinqu\u00e8 de prim\u00e0ria han tingut el plaer de rebre la visita de Sandra\u00a0Ant\u00f3n\u00a0per a una sessi\u00f3 enriquidora centrada en la hist\u00f2ria d&#8217;Aminata. Aquesta narrativa captivadora feta des de Fandema a G\u00e0mbia, ha estat un punt focal dins del nostre projecte de reproducci\u00f3&hellip;  <a href=\"https:\/\/agora.xtec.cat\/ietorrelles\/eso-2\/primaria\/activitat-de-laminata-5e-de-primaria\/\" title=\"Read ACTIVITAT DE L&#8217;AMINATA (5\u00e8 de prim\u00e0ria)\">Llegeix m\u00e9s\u00bb<\/a><\/p>\n","protected":false},"author":68,"featured_media":2308,"comment_status":"open","ping_status":"closed","sticky":false,"template":"","format":"standard","meta":{"_bbp_topic_count":0,"_bbp_reply_count":0,"_bbp_total_topic_count":0,"_bbp_total_reply_count":0,"_bbp_voice_count":0,"_bbp_anonymous_reply_count":0,"_bbp_topic_count_hidden":0,"_bbp_reply_count_hidden":0,"_bbp_forum_subforum_count":0,"footnotes":""},"categories":[14,5],"tags":[],"class_list":["post-2307","post","type-post","status-publish","format-standard","has-post-thumbnail","hentry","category-5e","category-primaria"],"post_mailing_queue_ids":[],"_links":{"self":[{"href":"https:\/\/agora.xtec.cat\/ietorrelles\/wp-json\/wp\/v2\/posts\/2307","targetHints":{"allow":["GET"]}}],"collection":[{"href":"https:\/\/agora.xtec.cat\/ietorrelles\/wp-json\/wp\/v2\/posts"}],"about":[{"href":"https:\/\/agora.xtec.cat\/ietorrelles\/wp-json\/wp\/v2\/types\/post"}],"author":[{"embeddable":true,"href":"https:\/\/agora.xtec.cat\/ietorrelles\/wp-json\/wp\/v2\/users\/68"}],"replies":[{"embeddable":true,"href":"https:\/\/agora.xtec.cat\/ietorrelles\/wp-json\/wp\/v2\/comments?post=2307"}],"version-history":[{"count":1,"href":"https:\/\/agora.xtec.cat\/ietorrelles\/wp-json\/wp\/v2\/posts\/2307\/revisions"}],"predecessor-version":[{"id":2322,"href":"https:\/\/agora.xtec.cat\/ietorrelles\/wp-json\/wp\/v2\/posts\/2307\/revisions\/2322"}],"wp:featuredmedia":[{"embeddable":true,"href":"https:\/\/agora.xtec.cat\/ietorrelles\/wp-json\/wp\/v2\/media\/2308"}],"wp:attachment":[{"href":"https:\/\/agora.xtec.cat\/ietorrelles\/wp-json\/wp\/v2\/media?parent=2307"}],"wp:term":[{"taxonomy":"category","embeddable":true,"href":"https:\/\/agora.xtec.cat\/ietorrelles\/wp-json\/wp\/v2\/categories?post=2307"},{"taxonomy":"post_tag","embeddable":true,"href":"https:\/\/agora.xtec.cat\/ietorrelles\/wp-json\/wp\/v2\/tags?post=2307"}],"curies":[{"name":"wp","href":"https:\/\/api.w.org\/{rel}","templated":true}]}}