{"id":2290,"date":"2024-03-16T12:39:05","date_gmt":"2024-03-16T11:39:05","guid":{"rendered":"https:\/\/agora.xtec.cat\/ietorrelles\/?p=2290"},"modified":"2024-03-16T12:39:05","modified_gmt":"2024-03-16T11:39:05","slug":"berenars-divendres-moltes-gracies","status":"publish","type":"post","link":"https:\/\/agora.xtec.cat\/ietorrelles\/eso-2\/berenars-divendres-moltes-gracies\/","title":{"rendered":"BERENARS DIVENDRES: MOLTES GR\u00c0CIES!"},"content":{"rendered":"<p>Estem profundament agra\u00efts a totes les fam\u00edlies de l&#8217;edifici GROC i VERD per la seva generosa col\u00b7laboraci\u00f3 en el finan\u00e7ament dels berenars que es proporcionen cada divendres l&#8217;alumnat de 6\u00e8 de prim\u00e0ria.<\/p>\n<p>L&#8217;entusiasme i la participaci\u00f3 de les fam\u00edlies han estat essencials per a la continu\u00eftat d&#8217;aquesta iniciativa, i ens complau informar que est\u00e0 tenint un \u00e8xit rotund.<\/p>\n<p><a href=\"https:\/\/agora.xtec.cat\/ietorrelles\/wp-content\/uploads\/usu2293\/2024\/03\/WhatsApp-Image-2024-03-16-at-12.38.14.jpeg\"><img loading=\"lazy\" decoding=\"async\" class=\"alignnone size-full wp-image-2291\" src=\"https:\/\/agora.xtec.cat\/ietorrelles\/wp-content\/uploads\/usu2293\/2024\/03\/WhatsApp-Image-2024-03-16-at-12.38.14.jpeg\" alt=\"\" width=\"2048\" height=\"1536\" srcset=\"https:\/\/agora.xtec.cat\/ietorrelles\/wp-content\/uploads\/usu2293\/2024\/03\/WhatsApp-Image-2024-03-16-at-12.38.14.jpeg 2048w, https:\/\/agora.xtec.cat\/ietorrelles\/wp-content\/uploads\/usu2293\/2024\/03\/WhatsApp-Image-2024-03-16-at-12.38.14-300x225.jpeg 300w, https:\/\/agora.xtec.cat\/ietorrelles\/wp-content\/uploads\/usu2293\/2024\/03\/WhatsApp-Image-2024-03-16-at-12.38.14-1024x768.jpeg 1024w, https:\/\/agora.xtec.cat\/ietorrelles\/wp-content\/uploads\/usu2293\/2024\/03\/WhatsApp-Image-2024-03-16-at-12.38.14-768x576.jpeg 768w, https:\/\/agora.xtec.cat\/ietorrelles\/wp-content\/uploads\/usu2293\/2024\/03\/WhatsApp-Image-2024-03-16-at-12.38.14-1536x1152.jpeg 1536w, https:\/\/agora.xtec.cat\/ietorrelles\/wp-content\/uploads\/usu2293\/2024\/03\/WhatsApp-Image-2024-03-16-at-12.38.14-200x150.jpeg 200w\" sizes=\"auto, (max-width: 2048px) 100vw, 2048px\" \/><\/a><\/p>\n","protected":false},"excerpt":{"rendered":"<p>Estem profundament agra\u00efts a totes les fam\u00edlies de l&#8217;edifici GROC i VERD per la seva generosa col\u00b7laboraci\u00f3 en el finan\u00e7ament dels berenars que es proporcionen cada divendres l&#8217;alumnat de 6\u00e8 de prim\u00e0ria.<br \/>\nL&#8217;entusiasme i la participaci\u00f3 de les fam\u00edlies han estat essencials per a la continu\u00eftat&hellip;  <a href=\"https:\/\/agora.xtec.cat\/ietorrelles\/eso-2\/berenars-divendres-moltes-gracies\/\" title=\"Read BERENARS DIVENDRES: MOLTES GR\u00c0CIES!\">Llegeix m\u00e9s\u00bb<\/a><\/p>\n","protected":false},"author":68,"featured_media":2291,"comment_status":"open","ping_status":"closed","sticky":false,"template":"","format":"standard","meta":{"_bbp_topic_count":0,"_bbp_reply_count":0,"_bbp_total_topic_count":0,"_bbp_total_reply_count":0,"_bbp_voice_count":0,"_bbp_anonymous_reply_count":0,"_bbp_topic_count_hidden":0,"_bbp_reply_count_hidden":0,"_bbp_forum_subforum_count":0,"footnotes":""},"categories":[10,63,11,64,12,65,13,66,14,15,1,3,8,9,2,5],"tags":[],"class_list":["post-2290","post","type-post","status-publish","format-standard","has-post-thumbnail","hentry","category-1r","category-1r-deso","category-2n","category-2n-deso","category-3r","category-3r-deso","category-4t","category-4t-deso","category-5e","category-6e","category-eso-2","category-i3","category-i4","category-i5","category-infantil","category-primaria"],"post_mailing_queue_ids":[],"_links":{"self":[{"href":"https:\/\/agora.xtec.cat\/ietorrelles\/wp-json\/wp\/v2\/posts\/2290","targetHints":{"allow":["GET"]}}],"collection":[{"href":"https:\/\/agora.xtec.cat\/ietorrelles\/wp-json\/wp\/v2\/posts"}],"about":[{"href":"https:\/\/agora.xtec.cat\/ietorrelles\/wp-json\/wp\/v2\/types\/post"}],"author":[{"embeddable":true,"href":"https:\/\/agora.xtec.cat\/ietorrelles\/wp-json\/wp\/v2\/users\/68"}],"replies":[{"embeddable":true,"href":"https:\/\/agora.xtec.cat\/ietorrelles\/wp-json\/wp\/v2\/comments?post=2290"}],"version-history":[{"count":1,"href":"https:\/\/agora.xtec.cat\/ietorrelles\/wp-json\/wp\/v2\/posts\/2290\/revisions"}],"predecessor-version":[{"id":2292,"href":"https:\/\/agora.xtec.cat\/ietorrelles\/wp-json\/wp\/v2\/posts\/2290\/revisions\/2292"}],"wp:featuredmedia":[{"embeddable":true,"href":"https:\/\/agora.xtec.cat\/ietorrelles\/wp-json\/wp\/v2\/media\/2291"}],"wp:attachment":[{"href":"https:\/\/agora.xtec.cat\/ietorrelles\/wp-json\/wp\/v2\/media?parent=2290"}],"wp:term":[{"taxonomy":"category","embeddable":true,"href":"https:\/\/agora.xtec.cat\/ietorrelles\/wp-json\/wp\/v2\/categories?post=2290"},{"taxonomy":"post_tag","embeddable":true,"href":"https:\/\/agora.xtec.cat\/ietorrelles\/wp-json\/wp\/v2\/tags?post=2290"}],"curies":[{"name":"wp","href":"https:\/\/api.w.org\/{rel}","templated":true}]}}