{"id":2283,"date":"2024-03-13T11:48:37","date_gmt":"2024-03-13T10:48:37","guid":{"rendered":"https:\/\/agora.xtec.cat\/ietorrelles\/?p=2283"},"modified":"2024-03-13T11:48:37","modified_gmt":"2024-03-13T10:48:37","slug":"esport-adaptat-a-la-comunitat-de-grans","status":"publish","type":"post","link":"https:\/\/agora.xtec.cat\/ietorrelles\/eso-2\/primaria\/5e\/esport-adaptat-a-la-comunitat-de-grans\/","title":{"rendered":"Esport Adaptat a la Comunitat de Grans"},"content":{"rendered":"<p>Ahir a l&#8217;IE Torrelles vam rebre la visita de la Federaci\u00f3 Catalana d&#8217;Esports de Persones amb Discapacitat F\u00edsica (FCEDF).<br \/>\nL&#8217;alumnat de 5\u00e8 i 6\u00e8 de prim\u00e0ria va descobrir dos esports adaptats: el Boccia i el B\u00e0squet en Cadira de Rodes.<\/p>\n<p>A trav\u00e9s de les activitats inclusives, els i les alumnes van entendre la import\u00e0ncia de construir una societat m\u00e9s conscient i respectuosa envers les persones amb discapacitat. La sensibilitzaci\u00f3 no nom\u00e9s es va limitar a l&#8217;\u00e0mbit esportiu, sin\u00f3 que l&#8217;alumnat va poder aprendre dels dos t\u00e8cnics, en Jos\u00e9 (responsable de la Federaci\u00f3) i en Llu\u00eds (ex-esportista adaptat amb espina b\u00edfida).<\/p>\n<p>Cal potenciar la inclusi\u00f3, els valors i la comprensi\u00f3 cap aquest col\u00b7lectiu, ja que \u00e9s la primera passa per a un m\u00f3n m\u00e9s igualitari i respectu\u00f3s per a tothom.<\/p>\n<p>&nbsp;<\/p>\n","protected":false},"excerpt":{"rendered":"<p>Ahir a l&#8217;IE Torrelles vam rebre la visita de la Federaci\u00f3 Catalana d&#8217;Esports de Persones amb Discapacitat F\u00edsica (FCEDF).<br \/>\nL&#8217;alumnat de 5\u00e8 i 6\u00e8 de prim\u00e0ria va descobrir dos esports adaptats: el Boccia i el B\u00e0squet en Cadira de Rodes.<br \/>\nA trav\u00e9s de les activitats inclusives, els&hellip;  <a href=\"https:\/\/agora.xtec.cat\/ietorrelles\/eso-2\/primaria\/5e\/esport-adaptat-a-la-comunitat-de-grans\/\" title=\"Read Esport Adaptat a la Comunitat de Grans\">Llegeix m\u00e9s\u00bb<\/a><\/p>\n","protected":false},"author":68,"featured_media":2284,"comment_status":"open","ping_status":"closed","sticky":false,"template":"","format":"standard","meta":{"_bbp_topic_count":0,"_bbp_reply_count":0,"_bbp_total_topic_count":0,"_bbp_total_reply_count":0,"_bbp_voice_count":0,"_bbp_anonymous_reply_count":0,"_bbp_topic_count_hidden":0,"_bbp_reply_count_hidden":0,"_bbp_forum_subforum_count":0,"footnotes":""},"categories":[14,15],"tags":[],"class_list":["post-2283","post","type-post","status-publish","format-standard","has-post-thumbnail","hentry","category-5e","category-6e"],"post_mailing_queue_ids":[],"_links":{"self":[{"href":"https:\/\/agora.xtec.cat\/ietorrelles\/wp-json\/wp\/v2\/posts\/2283","targetHints":{"allow":["GET"]}}],"collection":[{"href":"https:\/\/agora.xtec.cat\/ietorrelles\/wp-json\/wp\/v2\/posts"}],"about":[{"href":"https:\/\/agora.xtec.cat\/ietorrelles\/wp-json\/wp\/v2\/types\/post"}],"author":[{"embeddable":true,"href":"https:\/\/agora.xtec.cat\/ietorrelles\/wp-json\/wp\/v2\/users\/68"}],"replies":[{"embeddable":true,"href":"https:\/\/agora.xtec.cat\/ietorrelles\/wp-json\/wp\/v2\/comments?post=2283"}],"version-history":[{"count":1,"href":"https:\/\/agora.xtec.cat\/ietorrelles\/wp-json\/wp\/v2\/posts\/2283\/revisions"}],"predecessor-version":[{"id":2285,"href":"https:\/\/agora.xtec.cat\/ietorrelles\/wp-json\/wp\/v2\/posts\/2283\/revisions\/2285"}],"wp:featuredmedia":[{"embeddable":true,"href":"https:\/\/agora.xtec.cat\/ietorrelles\/wp-json\/wp\/v2\/media\/2284"}],"wp:attachment":[{"href":"https:\/\/agora.xtec.cat\/ietorrelles\/wp-json\/wp\/v2\/media?parent=2283"}],"wp:term":[{"taxonomy":"category","embeddable":true,"href":"https:\/\/agora.xtec.cat\/ietorrelles\/wp-json\/wp\/v2\/categories?post=2283"},{"taxonomy":"post_tag","embeddable":true,"href":"https:\/\/agora.xtec.cat\/ietorrelles\/wp-json\/wp\/v2\/tags?post=2283"}],"curies":[{"name":"wp","href":"https:\/\/api.w.org\/{rel}","templated":true}]}}