{"id":2253,"date":"2024-02-28T13:08:19","date_gmt":"2024-02-28T12:08:19","guid":{"rendered":"https:\/\/agora.xtec.cat\/ietorrelles\/?p=2253"},"modified":"2024-02-28T13:09:07","modified_gmt":"2024-02-28T12:09:07","slug":"alimentacio-saludable","status":"publish","type":"post","link":"https:\/\/agora.xtec.cat\/ietorrelles\/eso-2\/primaria\/alimentacio-saludable\/","title":{"rendered":"Alimentaci\u00f3 saludable"},"content":{"rendered":"<p>L&#8217;alumnat de 1r, 2n i 3r de prim\u00e0ria ha treballat l&#8217;alimentaci\u00f3 saludable. Fruit d&#8217;aquesta feina ha sortit una exposici\u00f3 molt educativa que podreu trobar a l&#8217;edifici verd.<\/p>\n<p>Mitjan\u00e7ant jocs i activitats hem apr\u00e8s els diferents macronutrients i micronutrients que tenen els aliments saludables.<\/p>\n<p>Hem fet un estudi del sucre que contenen els productes envasat ensucrats que sovint consumim i que no ens aporten cap valor nuticional. Hem reflexionat sobre qu\u00e8 necessita el nostre cos per funcionar i com els productes no saludables perjudiquen la nostra salut.<\/p>\n<p>Entre totes i tots hem pensat diferents aliments saludables que podem substituir per les galetes, cereals, barretes i begudes ensucrades que sovint consumim. Han sortit esmorzars i berenars molt saludables, nutritius i bon\u00edssims!.<\/p>\n<p><a href=\"https:\/\/agora.xtec.cat\/ietorrelles\/wp-content\/uploads\/usu2293\/2024\/02\/evitem-el-sucre-1-scaled.jpg\"><img loading=\"lazy\" decoding=\"async\" class=\"alignnone size-large wp-image-2254\" src=\"https:\/\/agora.xtec.cat\/ietorrelles\/wp-content\/uploads\/usu2293\/2024\/02\/evitem-el-sucre-1-1024x461.jpg\" alt=\"\" width=\"1024\" height=\"461\" srcset=\"https:\/\/agora.xtec.cat\/ietorrelles\/wp-content\/uploads\/usu2293\/2024\/02\/evitem-el-sucre-1-1024x461.jpg 1024w, https:\/\/agora.xtec.cat\/ietorrelles\/wp-content\/uploads\/usu2293\/2024\/02\/evitem-el-sucre-1-300x135.jpg 300w, https:\/\/agora.xtec.cat\/ietorrelles\/wp-content\/uploads\/usu2293\/2024\/02\/evitem-el-sucre-1-768x346.jpg 768w, https:\/\/agora.xtec.cat\/ietorrelles\/wp-content\/uploads\/usu2293\/2024\/02\/evitem-el-sucre-1-1536x691.jpg 1536w, https:\/\/agora.xtec.cat\/ietorrelles\/wp-content\/uploads\/usu2293\/2024\/02\/evitem-el-sucre-1-2048x922.jpg 2048w\" sizes=\"auto, (max-width: 1024px) 100vw, 1024px\" \/><\/a><\/p>\n","protected":false},"excerpt":{"rendered":"<p>L&#8217;alumnat de 1r, 2n i 3r de prim\u00e0ria ha treballat l&#8217;alimentaci\u00f3 saludable. Fruit d&#8217;aquesta feina ha sortit una exposici\u00f3 molt educativa que podreu trobar a l&#8217;edifici verd.<br \/>\nMitjan\u00e7ant jocs i activitats hem apr\u00e8s els diferents macronutrients i micronutrients que tenen els aliments saludables.<br \/>\nHem fet un estudi&hellip;  <a href=\"https:\/\/agora.xtec.cat\/ietorrelles\/eso-2\/primaria\/alimentacio-saludable\/\" title=\"Read Alimentaci\u00f3 saludable\">Llegeix m\u00e9s\u00bb<\/a><\/p>\n","protected":false},"author":67,"featured_media":2254,"comment_status":"open","ping_status":"closed","sticky":false,"template":"","format":"standard","meta":{"_bbp_topic_count":0,"_bbp_reply_count":0,"_bbp_total_topic_count":0,"_bbp_total_reply_count":0,"_bbp_voice_count":0,"_bbp_anonymous_reply_count":0,"_bbp_topic_count_hidden":0,"_bbp_reply_count_hidden":0,"_bbp_forum_subforum_count":0,"footnotes":""},"categories":[10,11,12,5],"tags":[],"class_list":["post-2253","post","type-post","status-publish","format-standard","has-post-thumbnail","hentry","category-1r","category-2n","category-3r","category-primaria"],"post_mailing_queue_ids":[],"_links":{"self":[{"href":"https:\/\/agora.xtec.cat\/ietorrelles\/wp-json\/wp\/v2\/posts\/2253","targetHints":{"allow":["GET"]}}],"collection":[{"href":"https:\/\/agora.xtec.cat\/ietorrelles\/wp-json\/wp\/v2\/posts"}],"about":[{"href":"https:\/\/agora.xtec.cat\/ietorrelles\/wp-json\/wp\/v2\/types\/post"}],"author":[{"embeddable":true,"href":"https:\/\/agora.xtec.cat\/ietorrelles\/wp-json\/wp\/v2\/users\/67"}],"replies":[{"embeddable":true,"href":"https:\/\/agora.xtec.cat\/ietorrelles\/wp-json\/wp\/v2\/comments?post=2253"}],"version-history":[{"count":1,"href":"https:\/\/agora.xtec.cat\/ietorrelles\/wp-json\/wp\/v2\/posts\/2253\/revisions"}],"predecessor-version":[{"id":2255,"href":"https:\/\/agora.xtec.cat\/ietorrelles\/wp-json\/wp\/v2\/posts\/2253\/revisions\/2255"}],"wp:featuredmedia":[{"embeddable":true,"href":"https:\/\/agora.xtec.cat\/ietorrelles\/wp-json\/wp\/v2\/media\/2254"}],"wp:attachment":[{"href":"https:\/\/agora.xtec.cat\/ietorrelles\/wp-json\/wp\/v2\/media?parent=2253"}],"wp:term":[{"taxonomy":"category","embeddable":true,"href":"https:\/\/agora.xtec.cat\/ietorrelles\/wp-json\/wp\/v2\/categories?post=2253"},{"taxonomy":"post_tag","embeddable":true,"href":"https:\/\/agora.xtec.cat\/ietorrelles\/wp-json\/wp\/v2\/tags?post=2253"}],"curies":[{"name":"wp","href":"https:\/\/api.w.org\/{rel}","templated":true}]}}