{"id":2101,"date":"2024-02-04T16:24:58","date_gmt":"2024-02-04T15:24:58","guid":{"rendered":"https:\/\/agora.xtec.cat\/ietorrelles\/?p=2101"},"modified":"2024-03-04T16:26:25","modified_gmt":"2024-03-04T15:26:25","slug":"festa-major-de-sant-pau-a-la-comunitat-de-mitjans","status":"publish","type":"post","link":"https:\/\/agora.xtec.cat\/ietorrelles\/eso-2\/primaria\/1r\/festa-major-de-sant-pau-a-la-comunitat-de-mitjans\/","title":{"rendered":"Festa Major de Sant Pau a la comunitat de Mitjans"},"content":{"rendered":"<p>&nbsp;<\/p>\n<p><span style=\"font-weight: 400;\">El mes de Gener vam celebrar la Festa de Sant Pau a l\u2019escola. Vam estar dues setmanes fent activitats relacionades amb aquesta festa tan especial del nostre poble. Vam tenir la col\u00b7laboraci\u00f3 de diferents entitats del poble en forma de tallers i\/o xerrades: a 1r van venir els Timbalers dels Diables, a 2n l\u2019Esbart i a 3r els Estelladors.<\/span><\/p>\n<p><span style=\"font-weight: 400;\"> <a href=\"https:\/\/agora.xtec.cat\/ietorrelles\/wp-content\/uploads\/usu2293\/2024\/02\/55557a38-9ff5-4ed7-8937-d79475fba89f.jpeg\"><img loading=\"lazy\" decoding=\"async\" class=\"alignnone wp-image-2111\" src=\"https:\/\/agora.xtec.cat\/ietorrelles\/wp-content\/uploads\/usu2293\/2024\/02\/55557a38-9ff5-4ed7-8937-d79475fba89f-768x1024.jpeg\" alt=\"\" width=\"308\" height=\"410\" srcset=\"https:\/\/agora.xtec.cat\/ietorrelles\/wp-content\/uploads\/usu2293\/2024\/02\/55557a38-9ff5-4ed7-8937-d79475fba89f-768x1024.jpeg 768w, https:\/\/agora.xtec.cat\/ietorrelles\/wp-content\/uploads\/usu2293\/2024\/02\/55557a38-9ff5-4ed7-8937-d79475fba89f-225x300.jpeg 225w, https:\/\/agora.xtec.cat\/ietorrelles\/wp-content\/uploads\/usu2293\/2024\/02\/55557a38-9ff5-4ed7-8937-d79475fba89f-1152x1536.jpeg 1152w, https:\/\/agora.xtec.cat\/ietorrelles\/wp-content\/uploads\/usu2293\/2024\/02\/55557a38-9ff5-4ed7-8937-d79475fba89f.jpeg 1200w\" sizes=\"auto, (max-width: 308px) 100vw, 308px\" \/><\/a><a href=\"https:\/\/agora.xtec.cat\/ietorrelles\/wp-content\/uploads\/usu2293\/2024\/02\/IMG_9893-1.heic\"><img decoding=\"async\" class=\"alignnone size-full wp-image-2109\" src=\"https:\/\/agora.xtec.cat\/ietorrelles\/wp-content\/uploads\/usu2293\/2024\/02\/IMG_9893-1.heic\" alt=\"\" \/><\/a><\/span><\/p>\n<p><span style=\"font-weight: 400;\"><a href=\"https:\/\/agora.xtec.cat\/ietorrelles\/wp-content\/uploads\/usu2293\/2024\/02\/bb76b940-71b0-4fc1-b818-2ab121c43ee0.jpeg\"><img loading=\"lazy\" decoding=\"async\" class=\"alignnone wp-image-2110\" src=\"https:\/\/agora.xtec.cat\/ietorrelles\/wp-content\/uploads\/usu2293\/2024\/02\/bb76b940-71b0-4fc1-b818-2ab121c43ee0-1024x768.jpeg\" alt=\"\" width=\"405\" height=\"304\" srcset=\"https:\/\/agora.xtec.cat\/ietorrelles\/wp-content\/uploads\/usu2293\/2024\/02\/bb76b940-71b0-4fc1-b818-2ab121c43ee0-1024x768.jpeg 1024w, https:\/\/agora.xtec.cat\/ietorrelles\/wp-content\/uploads\/usu2293\/2024\/02\/bb76b940-71b0-4fc1-b818-2ab121c43ee0-300x225.jpeg 300w, https:\/\/agora.xtec.cat\/ietorrelles\/wp-content\/uploads\/usu2293\/2024\/02\/bb76b940-71b0-4fc1-b818-2ab121c43ee0-768x576.jpeg 768w, https:\/\/agora.xtec.cat\/ietorrelles\/wp-content\/uploads\/usu2293\/2024\/02\/bb76b940-71b0-4fc1-b818-2ab121c43ee0-1536x1152.jpeg 1536w, https:\/\/agora.xtec.cat\/ietorrelles\/wp-content\/uploads\/usu2293\/2024\/02\/bb76b940-71b0-4fc1-b818-2ab121c43ee0-200x150.jpeg 200w, https:\/\/agora.xtec.cat\/ietorrelles\/wp-content\/uploads\/usu2293\/2024\/02\/bb76b940-71b0-4fc1-b818-2ab121c43ee0.jpeg 1600w\" sizes=\"auto, (max-width: 405px) 100vw, 405px\" \/><\/a><\/span><\/p>\n<p><span style=\"font-weight: 400;\">Van ser moltes les activitats que vam fer: gimcanes relacionades amb la festa, elaboraci\u00f3 de cartells de festa major (pr\u00f2pies o r\u00e8pliques), construcci\u00f3 de timbals, construcci\u00f3 de maquetes dels estelladors, activitats de llengua relacionades amb la festa, elaboraci\u00f3 d\u2019un nou logo de l\u2019esbart, estampaci\u00f3 de mocadors, cartells i banderoles per decorar l\u2019escola\u2026<\/span><\/p>\n<p>&nbsp;<\/p>\n<p><span style=\"font-weight: 400;\">El divendres al mat\u00ed vam fer una trobada amb tot l\u2019Institut Escola on vam poder gaudir d\u2019una xocolata amb melindros que ens va oferir el menjador, un passeig amb carretons per l\u2019alumnat de 4t d\u2019ESO, exhibici\u00f3 i ballada del ball de la tal\u00b7lara per part de l\u2019alumnat de 5\u00e8, ballada del Ball de Gitanes per part de l\u2019alumnat de 2n, entre d\u2019altres activitats.\u00a0<\/span><\/p>\n<p>&nbsp;<\/p>\n<p><span style=\"font-weight: 400;\">I divendres a la tarda vam celebrar la nostre petita festa major a la comunitat de petits i mitjans on vam gaudir de la cercavila dels infants m\u00e9s petits amb els capgrossos que van elaborar, una tabalada per part de l\u2019alumnat de 1r, una petita mostra d\u2019estellar per part de l\u2019alumnat de 3r i la col\u00b7laboraci\u00f3 de dos pares i finalment vam poder ballar tots i totes junts i juntes el Ball de Gitanes que ens van ensenyar l\u2019alumnat de 2n.\u00a0<\/span><\/p>\n<p>&nbsp;<\/p>\n<p><span style=\"font-weight: 400;\">VISCA LA FESTA MAJOR DE SANT PAU!!!<\/span><a href=\"https:\/\/agora.xtec.cat\/ietorrelles\/wp-content\/uploads\/usu2293\/2024\/02\/IMG_4795-1.heic\"><img loading=\"lazy\" decoding=\"async\" class=\"alignnone size-large wp-image-2106\" src=\"https:\/\/agora.xtec.cat\/ietorrelles\/wp-content\/uploads\/usu2293\/2024\/02\/IMG_4795-1.heic\" alt=\"\" width=\"1\" height=\"1\" \/><\/a> <a href=\"https:\/\/agora.xtec.cat\/ietorrelles\/wp-content\/uploads\/usu2293\/2024\/02\/IMG_4863-1.heic\"><img loading=\"lazy\" decoding=\"async\" class=\"alignnone size-large wp-image-2107\" src=\"https:\/\/agora.xtec.cat\/ietorrelles\/wp-content\/uploads\/usu2293\/2024\/02\/IMG_4863-1.heic\" alt=\"\" width=\"1\" height=\"1\" \/><\/a> <a href=\"https:\/\/agora.xtec.cat\/ietorrelles\/wp-content\/uploads\/usu2293\/2024\/02\/IMG_5063-1.heic\"><img loading=\"lazy\" decoding=\"async\" class=\"alignnone size-large wp-image-2108\" src=\"https:\/\/agora.xtec.cat\/ietorrelles\/wp-content\/uploads\/usu2293\/2024\/02\/IMG_5063-1.heic\" alt=\"\" width=\"1\" height=\"1\" \/><\/a> <a href=\"https:\/\/agora.xtec.cat\/ietorrelles\/wp-content\/uploads\/usu2293\/2024\/02\/IMG_9893-1.heic\"><img decoding=\"async\" class=\"alignnone size-full wp-image-2109\" src=\"https:\/\/agora.xtec.cat\/ietorrelles\/wp-content\/uploads\/usu2293\/2024\/02\/IMG_9893-1.heic\" alt=\"\" \/><\/a><\/p>\n","protected":false},"excerpt":{"rendered":"<p>&nbsp;<br \/>\nEl mes de Gener vam celebrar la Festa de Sant Pau a l\u2019escola. Vam estar dues setmanes fent activitats relacionades amb aquesta festa tan especial del nostre poble. Vam tenir la col\u00b7laboraci\u00f3 de diferents entitats del poble en forma de tallers i\/o xerrades: a 1r&hellip;  <a href=\"https:\/\/agora.xtec.cat\/ietorrelles\/eso-2\/primaria\/1r\/festa-major-de-sant-pau-a-la-comunitat-de-mitjans\/\" title=\"Read Festa Major de Sant Pau a la comunitat de Mitjans\">Llegeix m\u00e9s\u00bb<\/a><\/p>\n","protected":false},"author":67,"featured_media":2109,"comment_status":"open","ping_status":"closed","sticky":false,"template":"","format":"standard","meta":{"_bbp_topic_count":0,"_bbp_reply_count":0,"_bbp_total_topic_count":0,"_bbp_total_reply_count":0,"_bbp_voice_count":0,"_bbp_anonymous_reply_count":0,"_bbp_topic_count_hidden":0,"_bbp_reply_count_hidden":0,"_bbp_forum_subforum_count":0,"footnotes":""},"categories":[10,11,12],"tags":[],"class_list":["post-2101","post","type-post","status-publish","format-standard","has-post-thumbnail","hentry","category-1r","category-2n","category-3r"],"post_mailing_queue_ids":[],"_links":{"self":[{"href":"https:\/\/agora.xtec.cat\/ietorrelles\/wp-json\/wp\/v2\/posts\/2101","targetHints":{"allow":["GET"]}}],"collection":[{"href":"https:\/\/agora.xtec.cat\/ietorrelles\/wp-json\/wp\/v2\/posts"}],"about":[{"href":"https:\/\/agora.xtec.cat\/ietorrelles\/wp-json\/wp\/v2\/types\/post"}],"author":[{"embeddable":true,"href":"https:\/\/agora.xtec.cat\/ietorrelles\/wp-json\/wp\/v2\/users\/67"}],"replies":[{"embeddable":true,"href":"https:\/\/agora.xtec.cat\/ietorrelles\/wp-json\/wp\/v2\/comments?post=2101"}],"version-history":[{"count":3,"href":"https:\/\/agora.xtec.cat\/ietorrelles\/wp-json\/wp\/v2\/posts\/2101\/revisions"}],"predecessor-version":[{"id":2115,"href":"https:\/\/agora.xtec.cat\/ietorrelles\/wp-json\/wp\/v2\/posts\/2101\/revisions\/2115"}],"wp:featuredmedia":[{"embeddable":true,"href":"https:\/\/agora.xtec.cat\/ietorrelles\/wp-json\/wp\/v2\/media\/2109"}],"wp:attachment":[{"href":"https:\/\/agora.xtec.cat\/ietorrelles\/wp-json\/wp\/v2\/media?parent=2101"}],"wp:term":[{"taxonomy":"category","embeddable":true,"href":"https:\/\/agora.xtec.cat\/ietorrelles\/wp-json\/wp\/v2\/categories?post=2101"},{"taxonomy":"post_tag","embeddable":true,"href":"https:\/\/agora.xtec.cat\/ietorrelles\/wp-json\/wp\/v2\/tags?post=2101"}],"curies":[{"name":"wp","href":"https:\/\/api.w.org\/{rel}","templated":true}]}}