{"id":2098,"date":"2024-02-08T20:18:02","date_gmt":"2024-02-08T19:18:02","guid":{"rendered":"https:\/\/agora.xtec.cat\/ietorrelles\/?p=2098"},"modified":"2024-03-04T16:26:05","modified_gmt":"2024-03-04T15:26:05","slug":"dijous-gras-a-les-comunitats-de-mitjans-i-grans","status":"publish","type":"post","link":"https:\/\/agora.xtec.cat\/ietorrelles\/eso-2\/primaria\/dijous-gras-a-les-comunitats-de-mitjans-i-grans\/","title":{"rendered":"DIJOUS GRAS A LES COMUNITATS DE MITJANS I GRANS"},"content":{"rendered":"<p>La comunitat de mitjans de l&#8217;edifici verd i la comunitat de grans de l&#8217;edifici groc es van unir per celebrar el &#8216;Dijous Gras&#8217; amb una s\u00e8rie d&#8217;activitats conjuntes. Aquesta iniciativa va tenir com a objectiu establir vincles m\u00e9s forts entre les dues comunitats, fomentar la col\u00b7laboraci\u00f3 mitjan\u00e7ant jocs conjunts i permetre a lalumnat con\u00e8ixer totes les nenes i nens de prim\u00e0ria. Els alumnes de 5\u00e8 es van ajuntar amb els de 3r, els de 6\u00e8 amb 1r, i els de 4t amb 2n, creant una experi\u00e8ncia enriquidora i fomentant un ambient escolar m\u00e9s integrador. Per acabar el dia, la comunitat de grans va acompanyar la comunitat de mitjans al seu edifici. Va ser un dia que segurament refor\u00e7ar\u00e0 els lla\u00e7os de la nostra comunitat educativa.<\/p>\n<p><a href=\"https:\/\/agora.xtec.cat\/ietorrelles\/wp-content\/uploads\/usu2293\/2024\/02\/WhatsApp-Image-2024-02-12-at-05.19.07.jpeg\"><img loading=\"lazy\" decoding=\"async\" class=\"alignnone size-full wp-image-2099\" src=\"https:\/\/agora.xtec.cat\/ietorrelles\/wp-content\/uploads\/usu2293\/2024\/02\/WhatsApp-Image-2024-02-12-at-05.19.07.jpeg\" alt=\"\" width=\"1334\" height=\"750\" srcset=\"https:\/\/agora.xtec.cat\/ietorrelles\/wp-content\/uploads\/usu2293\/2024\/02\/WhatsApp-Image-2024-02-12-at-05.19.07.jpeg 1334w, https:\/\/agora.xtec.cat\/ietorrelles\/wp-content\/uploads\/usu2293\/2024\/02\/WhatsApp-Image-2024-02-12-at-05.19.07-300x169.jpeg 300w, https:\/\/agora.xtec.cat\/ietorrelles\/wp-content\/uploads\/usu2293\/2024\/02\/WhatsApp-Image-2024-02-12-at-05.19.07-1024x576.jpeg 1024w, https:\/\/agora.xtec.cat\/ietorrelles\/wp-content\/uploads\/usu2293\/2024\/02\/WhatsApp-Image-2024-02-12-at-05.19.07-768x432.jpeg 768w\" sizes=\"auto, (max-width: 1334px) 100vw, 1334px\" \/><\/a><\/p>\n","protected":false},"excerpt":{"rendered":"<p>La comunitat de mitjans de l&#8217;edifici verd i la comunitat de grans de l&#8217;edifici groc es van unir per celebrar el &#8216;Dijous Gras&#8217; amb una s\u00e8rie d&#8217;activitats conjuntes. Aquesta iniciativa va tenir com a objectiu establir vincles m\u00e9s forts entre les dues comunitats, fomentar la&hellip;  <a href=\"https:\/\/agora.xtec.cat\/ietorrelles\/eso-2\/primaria\/dijous-gras-a-les-comunitats-de-mitjans-i-grans\/\" title=\"Read DIJOUS GRAS A LES COMUNITATS DE MITJANS I GRANS\">Llegeix m\u00e9s\u00bb<\/a><\/p>\n","protected":false},"author":68,"featured_media":2099,"comment_status":"open","ping_status":"closed","sticky":false,"template":"","format":"standard","meta":{"_bbp_topic_count":0,"_bbp_reply_count":0,"_bbp_total_topic_count":0,"_bbp_total_reply_count":0,"_bbp_voice_count":0,"_bbp_anonymous_reply_count":0,"_bbp_topic_count_hidden":0,"_bbp_reply_count_hidden":0,"_bbp_forum_subforum_count":0,"footnotes":""},"categories":[10,11,12,13,14,15,5],"tags":[],"class_list":["post-2098","post","type-post","status-publish","format-standard","has-post-thumbnail","hentry","category-1r","category-2n","category-3r","category-4t","category-5e","category-6e","category-primaria"],"post_mailing_queue_ids":[],"_links":{"self":[{"href":"https:\/\/agora.xtec.cat\/ietorrelles\/wp-json\/wp\/v2\/posts\/2098","targetHints":{"allow":["GET"]}}],"collection":[{"href":"https:\/\/agora.xtec.cat\/ietorrelles\/wp-json\/wp\/v2\/posts"}],"about":[{"href":"https:\/\/agora.xtec.cat\/ietorrelles\/wp-json\/wp\/v2\/types\/post"}],"author":[{"embeddable":true,"href":"https:\/\/agora.xtec.cat\/ietorrelles\/wp-json\/wp\/v2\/users\/68"}],"replies":[{"embeddable":true,"href":"https:\/\/agora.xtec.cat\/ietorrelles\/wp-json\/wp\/v2\/comments?post=2098"}],"version-history":[{"count":1,"href":"https:\/\/agora.xtec.cat\/ietorrelles\/wp-json\/wp\/v2\/posts\/2098\/revisions"}],"predecessor-version":[{"id":2100,"href":"https:\/\/agora.xtec.cat\/ietorrelles\/wp-json\/wp\/v2\/posts\/2098\/revisions\/2100"}],"wp:featuredmedia":[{"embeddable":true,"href":"https:\/\/agora.xtec.cat\/ietorrelles\/wp-json\/wp\/v2\/media\/2099"}],"wp:attachment":[{"href":"https:\/\/agora.xtec.cat\/ietorrelles\/wp-json\/wp\/v2\/media?parent=2098"}],"wp:term":[{"taxonomy":"category","embeddable":true,"href":"https:\/\/agora.xtec.cat\/ietorrelles\/wp-json\/wp\/v2\/categories?post=2098"},{"taxonomy":"post_tag","embeddable":true,"href":"https:\/\/agora.xtec.cat\/ietorrelles\/wp-json\/wp\/v2\/tags?post=2098"}],"curies":[{"name":"wp","href":"https:\/\/api.w.org\/{rel}","templated":true}]}}