{"id":2095,"date":"2024-02-11T20:13:21","date_gmt":"2024-02-11T19:13:21","guid":{"rendered":"https:\/\/agora.xtec.cat\/ietorrelles\/?p=2095"},"modified":"2024-02-11T20:13:21","modified_gmt":"2024-02-11T19:13:21","slug":"comissio-deducacio-i-cooperacio","status":"publish","type":"post","link":"https:\/\/agora.xtec.cat\/ietorrelles\/eso-2\/comissio-deducacio-i-cooperacio\/","title":{"rendered":"COMISSI\u00d3 D&#8217;EDUCACI\u00d3 I COOPERACI\u00d3"},"content":{"rendered":"<p>Des de la comissi\u00f3 d&#8217;Educaci\u00f3 i cooperaci\u00f3 de l&#8217;IE Torrelles comencem a fer xarxa amb altres escoles que tamb\u00e9 treballen amb Tujereng i\/o Fandema. Ahir la Sandra va assistir com a coordinadora al sopar\/reuni\u00f3 del viatge que t\u00e9 programat l&#8217;escola Benjamin Franklin de Barcelona amb els estudiants de Batxillerat a Tujereng la setmana vinent. Va poder explicar la feina que estem portant a terme. Anem engrandint la xarxa!<\/p>\n<p><a href=\"https:\/\/agora.xtec.cat\/ietorrelles\/wp-content\/uploads\/usu2293\/2024\/02\/WhatsApp-Image-2024-02-11-at-06.42.50.jpeg\"><img loading=\"lazy\" decoding=\"async\" class=\"alignnone size-full wp-image-2096\" src=\"https:\/\/agora.xtec.cat\/ietorrelles\/wp-content\/uploads\/usu2293\/2024\/02\/WhatsApp-Image-2024-02-11-at-06.42.50.jpeg\" alt=\"\" width=\"1600\" height=\"1200\" srcset=\"https:\/\/agora.xtec.cat\/ietorrelles\/wp-content\/uploads\/usu2293\/2024\/02\/WhatsApp-Image-2024-02-11-at-06.42.50.jpeg 1600w, https:\/\/agora.xtec.cat\/ietorrelles\/wp-content\/uploads\/usu2293\/2024\/02\/WhatsApp-Image-2024-02-11-at-06.42.50-300x225.jpeg 300w, https:\/\/agora.xtec.cat\/ietorrelles\/wp-content\/uploads\/usu2293\/2024\/02\/WhatsApp-Image-2024-02-11-at-06.42.50-1024x768.jpeg 1024w, https:\/\/agora.xtec.cat\/ietorrelles\/wp-content\/uploads\/usu2293\/2024\/02\/WhatsApp-Image-2024-02-11-at-06.42.50-768x576.jpeg 768w, https:\/\/agora.xtec.cat\/ietorrelles\/wp-content\/uploads\/usu2293\/2024\/02\/WhatsApp-Image-2024-02-11-at-06.42.50-1536x1152.jpeg 1536w, https:\/\/agora.xtec.cat\/ietorrelles\/wp-content\/uploads\/usu2293\/2024\/02\/WhatsApp-Image-2024-02-11-at-06.42.50-200x150.jpeg 200w\" sizes=\"auto, (max-width: 1600px) 100vw, 1600px\" \/><\/a><\/p>\n","protected":false},"excerpt":{"rendered":"<p>Des de la comissi\u00f3 d&#8217;Educaci\u00f3 i cooperaci\u00f3 de l&#8217;IE Torrelles comencem a fer xarxa amb altres escoles que tamb\u00e9 treballen amb Tujereng i\/o Fandema. Ahir la Sandra va assistir com a coordinadora al sopar\/reuni\u00f3 del viatge que t\u00e9 programat l&#8217;escola Benjamin Franklin de Barcelona amb&hellip;  <a href=\"https:\/\/agora.xtec.cat\/ietorrelles\/eso-2\/comissio-deducacio-i-cooperacio\/\" title=\"Read COMISSI\u00d3 D&#8217;EDUCACI\u00d3 I COOPERACI\u00d3\">Llegeix m\u00e9s\u00bb<\/a><\/p>\n","protected":false},"author":68,"featured_media":2096,"comment_status":"open","ping_status":"closed","sticky":false,"template":"","format":"standard","meta":{"_bbp_topic_count":0,"_bbp_reply_count":0,"_bbp_total_topic_count":0,"_bbp_total_reply_count":0,"_bbp_voice_count":0,"_bbp_anonymous_reply_count":0,"_bbp_topic_count_hidden":0,"_bbp_reply_count_hidden":0,"_bbp_forum_subforum_count":0,"footnotes":""},"categories":[7,1,2,5,119],"tags":[],"class_list":["post-2095","post","type-post","status-publish","format-standard","has-post-thumbnail","hentry","category-ampa","category-eso-2","category-infantil","category-primaria","category-revista"],"post_mailing_queue_ids":[],"_links":{"self":[{"href":"https:\/\/agora.xtec.cat\/ietorrelles\/wp-json\/wp\/v2\/posts\/2095","targetHints":{"allow":["GET"]}}],"collection":[{"href":"https:\/\/agora.xtec.cat\/ietorrelles\/wp-json\/wp\/v2\/posts"}],"about":[{"href":"https:\/\/agora.xtec.cat\/ietorrelles\/wp-json\/wp\/v2\/types\/post"}],"author":[{"embeddable":true,"href":"https:\/\/agora.xtec.cat\/ietorrelles\/wp-json\/wp\/v2\/users\/68"}],"replies":[{"embeddable":true,"href":"https:\/\/agora.xtec.cat\/ietorrelles\/wp-json\/wp\/v2\/comments?post=2095"}],"version-history":[{"count":1,"href":"https:\/\/agora.xtec.cat\/ietorrelles\/wp-json\/wp\/v2\/posts\/2095\/revisions"}],"predecessor-version":[{"id":2097,"href":"https:\/\/agora.xtec.cat\/ietorrelles\/wp-json\/wp\/v2\/posts\/2095\/revisions\/2097"}],"wp:featuredmedia":[{"embeddable":true,"href":"https:\/\/agora.xtec.cat\/ietorrelles\/wp-json\/wp\/v2\/media\/2096"}],"wp:attachment":[{"href":"https:\/\/agora.xtec.cat\/ietorrelles\/wp-json\/wp\/v2\/media?parent=2095"}],"wp:term":[{"taxonomy":"category","embeddable":true,"href":"https:\/\/agora.xtec.cat\/ietorrelles\/wp-json\/wp\/v2\/categories?post=2095"},{"taxonomy":"post_tag","embeddable":true,"href":"https:\/\/agora.xtec.cat\/ietorrelles\/wp-json\/wp\/v2\/tags?post=2095"}],"curies":[{"name":"wp","href":"https:\/\/api.w.org\/{rel}","templated":true}]}}