{"id":2083,"date":"2024-02-05T17:05:48","date_gmt":"2024-02-05T16:05:48","guid":{"rendered":"https:\/\/agora.xtec.cat\/ietorrelles\/?p=2083"},"modified":"2024-02-05T17:05:48","modified_gmt":"2024-02-05T16:05:48","slug":"projecte-de-les-muntanyes-5e-de-primaria","status":"publish","type":"post","link":"https:\/\/agora.xtec.cat\/ietorrelles\/eso-2\/primaria\/projecte-de-les-muntanyes-5e-de-primaria\/","title":{"rendered":"PROJECTE DE LES MUNTANYES (5\u00e8 de prim\u00e0ria)"},"content":{"rendered":"<p>Avui l&#8217;alumnat de 5\u00e8 ha fet la sortida de cloenda del projecte de les muntanyes de Torrelles. Hem anat caminant des de l&#8217;Institut escola fins a Can\u00a0<span class=\"hiddenSpellError\">Pal\u00f3s<\/span>\u00a0(Santa B\u00e0rbara). Hem\u00a0fet\u00a0una activitat de\u00a0<span class=\"hiddenSpellError\">Geogaching<\/span>\u00a0i orientaci\u00f3, una\u00a0activitat a mig cam\u00ed entre l&#8217;esport i l&#8217;aventura en la qual hem hagut de trobar un tresor ocult.<\/p>\n<p><a href=\"https:\/\/agora.xtec.cat\/ietorrelles\/wp-content\/uploads\/usu2293\/2024\/02\/WhatsApp-Image-2024-02-05-at-16.49.57-1.jpeg\"><img loading=\"lazy\" decoding=\"async\" class=\"alignnone size-full wp-image-2084\" src=\"https:\/\/agora.xtec.cat\/ietorrelles\/wp-content\/uploads\/usu2293\/2024\/02\/WhatsApp-Image-2024-02-05-at-16.49.57-1.jpeg\" alt=\"\" width=\"1600\" height=\"1200\" srcset=\"https:\/\/agora.xtec.cat\/ietorrelles\/wp-content\/uploads\/usu2293\/2024\/02\/WhatsApp-Image-2024-02-05-at-16.49.57-1.jpeg 1600w, https:\/\/agora.xtec.cat\/ietorrelles\/wp-content\/uploads\/usu2293\/2024\/02\/WhatsApp-Image-2024-02-05-at-16.49.57-1-300x225.jpeg 300w, https:\/\/agora.xtec.cat\/ietorrelles\/wp-content\/uploads\/usu2293\/2024\/02\/WhatsApp-Image-2024-02-05-at-16.49.57-1-1024x768.jpeg 1024w, https:\/\/agora.xtec.cat\/ietorrelles\/wp-content\/uploads\/usu2293\/2024\/02\/WhatsApp-Image-2024-02-05-at-16.49.57-1-768x576.jpeg 768w, https:\/\/agora.xtec.cat\/ietorrelles\/wp-content\/uploads\/usu2293\/2024\/02\/WhatsApp-Image-2024-02-05-at-16.49.57-1-1536x1152.jpeg 1536w, https:\/\/agora.xtec.cat\/ietorrelles\/wp-content\/uploads\/usu2293\/2024\/02\/WhatsApp-Image-2024-02-05-at-16.49.57-1-200x150.jpeg 200w\" sizes=\"auto, (max-width: 1600px) 100vw, 1600px\" \/><\/a><\/p>\n","protected":false},"excerpt":{"rendered":"<p>Avui l&#8217;alumnat de 5\u00e8 ha fet la sortida de cloenda del projecte de les muntanyes de Torrelles. Hem anat caminant des de l&#8217;Institut escola fins a Can\u00a0Pal\u00f3s\u00a0(Santa B\u00e0rbara). Hem\u00a0fet\u00a0una activitat de\u00a0Geogaching\u00a0i orientaci\u00f3, una\u00a0activitat a mig cam\u00ed entre l&#8217;esport i l&#8217;aventura en la qual hem hagut&hellip;  <a href=\"https:\/\/agora.xtec.cat\/ietorrelles\/eso-2\/primaria\/projecte-de-les-muntanyes-5e-de-primaria\/\" title=\"Read PROJECTE DE LES MUNTANYES (5\u00e8 de prim\u00e0ria)\">Llegeix m\u00e9s\u00bb<\/a><\/p>\n","protected":false},"author":68,"featured_media":2084,"comment_status":"open","ping_status":"closed","sticky":false,"template":"","format":"standard","meta":{"_bbp_topic_count":0,"_bbp_reply_count":0,"_bbp_total_topic_count":0,"_bbp_total_reply_count":0,"_bbp_voice_count":0,"_bbp_anonymous_reply_count":0,"_bbp_topic_count_hidden":0,"_bbp_reply_count_hidden":0,"_bbp_forum_subforum_count":0,"footnotes":""},"categories":[14,5],"tags":[],"class_list":["post-2083","post","type-post","status-publish","format-standard","has-post-thumbnail","hentry","category-5e","category-primaria"],"post_mailing_queue_ids":[],"_links":{"self":[{"href":"https:\/\/agora.xtec.cat\/ietorrelles\/wp-json\/wp\/v2\/posts\/2083","targetHints":{"allow":["GET"]}}],"collection":[{"href":"https:\/\/agora.xtec.cat\/ietorrelles\/wp-json\/wp\/v2\/posts"}],"about":[{"href":"https:\/\/agora.xtec.cat\/ietorrelles\/wp-json\/wp\/v2\/types\/post"}],"author":[{"embeddable":true,"href":"https:\/\/agora.xtec.cat\/ietorrelles\/wp-json\/wp\/v2\/users\/68"}],"replies":[{"embeddable":true,"href":"https:\/\/agora.xtec.cat\/ietorrelles\/wp-json\/wp\/v2\/comments?post=2083"}],"version-history":[{"count":1,"href":"https:\/\/agora.xtec.cat\/ietorrelles\/wp-json\/wp\/v2\/posts\/2083\/revisions"}],"predecessor-version":[{"id":2085,"href":"https:\/\/agora.xtec.cat\/ietorrelles\/wp-json\/wp\/v2\/posts\/2083\/revisions\/2085"}],"wp:featuredmedia":[{"embeddable":true,"href":"https:\/\/agora.xtec.cat\/ietorrelles\/wp-json\/wp\/v2\/media\/2084"}],"wp:attachment":[{"href":"https:\/\/agora.xtec.cat\/ietorrelles\/wp-json\/wp\/v2\/media?parent=2083"}],"wp:term":[{"taxonomy":"category","embeddable":true,"href":"https:\/\/agora.xtec.cat\/ietorrelles\/wp-json\/wp\/v2\/categories?post=2083"},{"taxonomy":"post_tag","embeddable":true,"href":"https:\/\/agora.xtec.cat\/ietorrelles\/wp-json\/wp\/v2\/tags?post=2083"}],"curies":[{"name":"wp","href":"https:\/\/api.w.org\/{rel}","templated":true}]}}