{"id":1863,"date":"2024-02-01T19:40:42","date_gmt":"2024-02-01T18:40:42","guid":{"rendered":"https:\/\/agora.xtec.cat\/ietorrelles\/?p=1863"},"modified":"2024-02-01T20:28:12","modified_gmt":"2024-02-01T19:28:12","slug":"seleccio-dels-manaments-per-al-carnestoltes","status":"publish","type":"post","link":"https:\/\/agora.xtec.cat\/ietorrelles\/eso-2\/seleccio-dels-manaments-per-al-carnestoltes\/","title":{"rendered":"Selecci\u00f3 dels Manaments per al Carnestoltes"},"content":{"rendered":"<p>Aquesta setmana, l&#8217;alumnat de la comunitat de grans de la nostra escola ha tingut l&#8217;oportunitat de participar activament en el proc\u00e9s de selecci\u00f3 dels manaments per al Carnestoltes. Amb entusiasme i creativitat, els estudiants han em\u00e8s els seus vots per decidir quins seran els manaments del Rei Carnestoltes i la Reina Belluga durant la propera celebraci\u00f3.<a href=\"https:\/\/agora.xtec.cat\/ietorrelles\/wp-content\/uploads\/usu2293\/2024\/02\/JPEG-image-0D3006FA22E2-1-1-scaled.jpeg\"><img loading=\"lazy\" decoding=\"async\" class=\"alignnone size-large wp-image-1864\" src=\"https:\/\/agora.xtec.cat\/ietorrelles\/wp-content\/uploads\/usu2293\/2024\/02\/JPEG-image-0D3006FA22E2-1-1-1024x941.jpeg\" alt=\"\" width=\"1024\" height=\"941\" srcset=\"https:\/\/agora.xtec.cat\/ietorrelles\/wp-content\/uploads\/usu2293\/2024\/02\/JPEG-image-0D3006FA22E2-1-1-1024x941.jpeg 1024w, https:\/\/agora.xtec.cat\/ietorrelles\/wp-content\/uploads\/usu2293\/2024\/02\/JPEG-image-0D3006FA22E2-1-1-300x276.jpeg 300w, https:\/\/agora.xtec.cat\/ietorrelles\/wp-content\/uploads\/usu2293\/2024\/02\/JPEG-image-0D3006FA22E2-1-1-768x705.jpeg 768w, https:\/\/agora.xtec.cat\/ietorrelles\/wp-content\/uploads\/usu2293\/2024\/02\/JPEG-image-0D3006FA22E2-1-1-1536x1411.jpeg 1536w, https:\/\/agora.xtec.cat\/ietorrelles\/wp-content\/uploads\/usu2293\/2024\/02\/JPEG-image-0D3006FA22E2-1-1-2048x1881.jpeg 2048w\" sizes=\"auto, (max-width: 1024px) 100vw, 1024px\" \/><\/a><\/p>\n","protected":false},"excerpt":{"rendered":"<p>Aquesta setmana, l&#8217;alumnat de la comunitat de grans de la nostra escola ha tingut l&#8217;oportunitat de participar activament en el proc\u00e9s de selecci\u00f3 dels manaments per al Carnestoltes. Amb entusiasme i creativitat, els estudiants han em\u00e8s els seus vots per decidir quins seran els manaments&hellip;  <a href=\"https:\/\/agora.xtec.cat\/ietorrelles\/eso-2\/seleccio-dels-manaments-per-al-carnestoltes\/\" title=\"Read Selecci\u00f3 dels Manaments per al Carnestoltes\">Llegeix m\u00e9s\u00bb<\/a><\/p>\n","protected":false},"author":68,"featured_media":1864,"comment_status":"open","ping_status":"closed","sticky":false,"template":"","format":"standard","meta":{"_bbp_topic_count":0,"_bbp_reply_count":0,"_bbp_total_topic_count":0,"_bbp_total_reply_count":0,"_bbp_voice_count":0,"_bbp_anonymous_reply_count":0,"_bbp_topic_count_hidden":0,"_bbp_reply_count_hidden":0,"_bbp_forum_subforum_count":0,"footnotes":""},"categories":[10,63,11,64,12,65,13,66,14,15,1,3,8,9,2,5],"tags":[],"class_list":["post-1863","post","type-post","status-publish","format-standard","has-post-thumbnail","hentry","category-1r","category-1r-deso","category-2n","category-2n-deso","category-3r","category-3r-deso","category-4t","category-4t-deso","category-5e","category-6e","category-eso-2","category-i3","category-i4","category-i5","category-infantil","category-primaria"],"post_mailing_queue_ids":[],"_links":{"self":[{"href":"https:\/\/agora.xtec.cat\/ietorrelles\/wp-json\/wp\/v2\/posts\/1863","targetHints":{"allow":["GET"]}}],"collection":[{"href":"https:\/\/agora.xtec.cat\/ietorrelles\/wp-json\/wp\/v2\/posts"}],"about":[{"href":"https:\/\/agora.xtec.cat\/ietorrelles\/wp-json\/wp\/v2\/types\/post"}],"author":[{"embeddable":true,"href":"https:\/\/agora.xtec.cat\/ietorrelles\/wp-json\/wp\/v2\/users\/68"}],"replies":[{"embeddable":true,"href":"https:\/\/agora.xtec.cat\/ietorrelles\/wp-json\/wp\/v2\/comments?post=1863"}],"version-history":[{"count":2,"href":"https:\/\/agora.xtec.cat\/ietorrelles\/wp-json\/wp\/v2\/posts\/1863\/revisions"}],"predecessor-version":[{"id":1872,"href":"https:\/\/agora.xtec.cat\/ietorrelles\/wp-json\/wp\/v2\/posts\/1863\/revisions\/1872"}],"wp:featuredmedia":[{"embeddable":true,"href":"https:\/\/agora.xtec.cat\/ietorrelles\/wp-json\/wp\/v2\/media\/1864"}],"wp:attachment":[{"href":"https:\/\/agora.xtec.cat\/ietorrelles\/wp-json\/wp\/v2\/media?parent=1863"}],"wp:term":[{"taxonomy":"category","embeddable":true,"href":"https:\/\/agora.xtec.cat\/ietorrelles\/wp-json\/wp\/v2\/categories?post=1863"},{"taxonomy":"post_tag","embeddable":true,"href":"https:\/\/agora.xtec.cat\/ietorrelles\/wp-json\/wp\/v2\/tags?post=1863"}],"curies":[{"name":"wp","href":"https:\/\/api.w.org\/{rel}","templated":true}]}}