{"id":1839,"date":"2024-01-23T10:11:48","date_gmt":"2024-01-23T09:11:48","guid":{"rendered":"https:\/\/agora.xtec.cat\/ietorrelles\/?p=1839"},"modified":"2024-01-31T10:13:35","modified_gmt":"2024-01-31T09:13:35","slug":"tallers-artistics-a-la-comunitat-de-grans","status":"publish","type":"post","link":"https:\/\/agora.xtec.cat\/ietorrelles\/eso-2\/primaria\/tallers-artistics-a-la-comunitat-de-grans\/","title":{"rendered":"Tallers art\u00edstics a la Comunitat de Grans"},"content":{"rendered":"<p>Cada divendres, a la comunitat de grans, ens submergim en tallers art\u00edstics. Recentment, el taller de teatre va oferir una sorprenent obra titulada &#8220;La rebel\u00b7li\u00f3 dels dolents&#8221;.<br \/>\nL&#8217;ateneu va ser testimoni de l&#8217;entusiasme i talent dels membres de la comunitat, creant una experi\u00e8ncia inoblidable. &#8220;La rebel\u00b7li\u00f3 dels dolents&#8221; va captivar a tots i totes amb la seva trama fascinant i les actuacions impressionants de la canalla que ha participat en aquest taller durant el 1r trimestre.<br \/>\nAquesta tarda de teatre no nom\u00e9s va ser una celebraci\u00f3 de la creativitat, sin\u00f3 tamb\u00e9 una oportunitat per refor\u00e7ar els lla\u00e7os entre tota la comunitat. Agra\u00efm als participants i als espectadors per compartir aquesta experi\u00e8ncia \u00fanica.<br \/>\nContinuarem explorant i celebrant l&#8217;expressi\u00f3 art\u00edstica a la comunitat de grans, construint moments que enriqueixen la nostra vida en conjunt.<\/p>\n<p><em><span style=\"text-decoration: underline;\"><strong>Teniu m\u00e9s imatges a la carpeta compartida!<\/strong><\/span><\/em><\/p>\n<p><a href=\"https:\/\/agora.xtec.cat\/ietorrelles\/wp-content\/uploads\/usu2293\/2024\/01\/IMG-20240111-WA0010.jpg\"><img loading=\"lazy\" decoding=\"async\" class=\"alignnone size-large wp-image-1840\" src=\"https:\/\/agora.xtec.cat\/ietorrelles\/wp-content\/uploads\/usu2293\/2024\/01\/IMG-20240111-WA0010-577x1024.jpg\" alt=\"\" width=\"577\" height=\"1024\" srcset=\"https:\/\/agora.xtec.cat\/ietorrelles\/wp-content\/uploads\/usu2293\/2024\/01\/IMG-20240111-WA0010-577x1024.jpg 577w, https:\/\/agora.xtec.cat\/ietorrelles\/wp-content\/uploads\/usu2293\/2024\/01\/IMG-20240111-WA0010-169x300.jpg 169w, https:\/\/agora.xtec.cat\/ietorrelles\/wp-content\/uploads\/usu2293\/2024\/01\/IMG-20240111-WA0010-768x1364.jpg 768w, https:\/\/agora.xtec.cat\/ietorrelles\/wp-content\/uploads\/usu2293\/2024\/01\/IMG-20240111-WA0010-865x1536.jpg 865w, https:\/\/agora.xtec.cat\/ietorrelles\/wp-content\/uploads\/usu2293\/2024\/01\/IMG-20240111-WA0010.jpg 1126w\" sizes=\"auto, (max-width: 577px) 100vw, 577px\" \/><\/a><\/p>\n","protected":false},"excerpt":{"rendered":"<p>Cada divendres, a la comunitat de grans, ens submergim en tallers art\u00edstics. Recentment, el taller de teatre va oferir una sorprenent obra titulada &#8220;La rebel\u00b7li\u00f3 dels dolents&#8221;.<br \/>\nL&#8217;ateneu va ser testimoni de l&#8217;entusiasme i talent dels membres de la comunitat, creant una experi\u00e8ncia inoblidable. &#8220;La rebel\u00b7li\u00f3&hellip;  <a href=\"https:\/\/agora.xtec.cat\/ietorrelles\/eso-2\/primaria\/tallers-artistics-a-la-comunitat-de-grans\/\" title=\"Read Tallers art\u00edstics a la Comunitat de Grans\">Llegeix m\u00e9s\u00bb<\/a><\/p>\n","protected":false},"author":68,"featured_media":1840,"comment_status":"open","ping_status":"closed","sticky":false,"template":"","format":"standard","meta":{"_bbp_topic_count":0,"_bbp_reply_count":0,"_bbp_total_topic_count":0,"_bbp_total_reply_count":0,"_bbp_voice_count":0,"_bbp_anonymous_reply_count":0,"_bbp_topic_count_hidden":0,"_bbp_reply_count_hidden":0,"_bbp_forum_subforum_count":0,"footnotes":""},"categories":[13,14,15,5],"tags":[],"class_list":["post-1839","post","type-post","status-publish","format-standard","has-post-thumbnail","hentry","category-4t","category-5e","category-6e","category-primaria"],"post_mailing_queue_ids":[],"_links":{"self":[{"href":"https:\/\/agora.xtec.cat\/ietorrelles\/wp-json\/wp\/v2\/posts\/1839","targetHints":{"allow":["GET"]}}],"collection":[{"href":"https:\/\/agora.xtec.cat\/ietorrelles\/wp-json\/wp\/v2\/posts"}],"about":[{"href":"https:\/\/agora.xtec.cat\/ietorrelles\/wp-json\/wp\/v2\/types\/post"}],"author":[{"embeddable":true,"href":"https:\/\/agora.xtec.cat\/ietorrelles\/wp-json\/wp\/v2\/users\/68"}],"replies":[{"embeddable":true,"href":"https:\/\/agora.xtec.cat\/ietorrelles\/wp-json\/wp\/v2\/comments?post=1839"}],"version-history":[{"count":2,"href":"https:\/\/agora.xtec.cat\/ietorrelles\/wp-json\/wp\/v2\/posts\/1839\/revisions"}],"predecessor-version":[{"id":1842,"href":"https:\/\/agora.xtec.cat\/ietorrelles\/wp-json\/wp\/v2\/posts\/1839\/revisions\/1842"}],"wp:featuredmedia":[{"embeddable":true,"href":"https:\/\/agora.xtec.cat\/ietorrelles\/wp-json\/wp\/v2\/media\/1840"}],"wp:attachment":[{"href":"https:\/\/agora.xtec.cat\/ietorrelles\/wp-json\/wp\/v2\/media?parent=1839"}],"wp:term":[{"taxonomy":"category","embeddable":true,"href":"https:\/\/agora.xtec.cat\/ietorrelles\/wp-json\/wp\/v2\/categories?post=1839"},{"taxonomy":"post_tag","embeddable":true,"href":"https:\/\/agora.xtec.cat\/ietorrelles\/wp-json\/wp\/v2\/tags?post=1839"}],"curies":[{"name":"wp","href":"https:\/\/api.w.org\/{rel}","templated":true}]}}