{"id":1827,"date":"2024-01-31T09:47:10","date_gmt":"2024-01-31T08:47:10","guid":{"rendered":"https:\/\/agora.xtec.cat\/ietorrelles\/?p=1827"},"modified":"2024-01-31T09:47:10","modified_gmt":"2024-01-31T08:47:10","slug":"aventura-educativa-al-puig-vicenc","status":"publish","type":"post","link":"https:\/\/agora.xtec.cat\/ietorrelles\/eso-2\/primaria\/aventura-educativa-al-puig-vicenc\/","title":{"rendered":"Aventura Educativa al Puig Vicen\u00e7"},"content":{"rendered":"<p>La canalla de 5\u00e8 va viure ahir una emocionant excursi\u00f3 al Puig Vicen\u00e7, una muntanya de 468 metres entre Cervell\u00f3, Torrelles de Llobregat i Vallirana, al Baix Llobregat. Amb les seves mestres, van explorar la riquesa natural de la regi\u00f3, descobrint flora i fauna. Destacant al cim, el v\u00e8rtex geod\u00e8sic va captivar-los amb la seva import\u00e0ncia cartogr\u00e0fica. A m\u00e9s, van poder connectar als infants amb la hist\u00f2ria local, creant una experi\u00e8ncia educativa \u00fanica que enriqueix el seu coneixement i apreciaci\u00f3 del seu entorn. <em><span style=\"text-decoration: underline;\"><strong>Teniu m\u00e9s imatges a la carpeta compartida!<\/strong><\/span><\/em><\/p>\n<p><a href=\"https:\/\/agora.xtec.cat\/ietorrelles\/wp-content\/uploads\/usu2293\/2024\/01\/IMG_0469-min-scaled.jpg\"><img loading=\"lazy\" decoding=\"async\" class=\"alignnone size-large wp-image-1828\" src=\"https:\/\/agora.xtec.cat\/ietorrelles\/wp-content\/uploads\/usu2293\/2024\/01\/IMG_0469-min-1024x768.jpg\" alt=\"\" width=\"1024\" height=\"768\" srcset=\"https:\/\/agora.xtec.cat\/ietorrelles\/wp-content\/uploads\/usu2293\/2024\/01\/IMG_0469-min-1024x768.jpg 1024w, https:\/\/agora.xtec.cat\/ietorrelles\/wp-content\/uploads\/usu2293\/2024\/01\/IMG_0469-min-300x225.jpg 300w, https:\/\/agora.xtec.cat\/ietorrelles\/wp-content\/uploads\/usu2293\/2024\/01\/IMG_0469-min-768x576.jpg 768w, https:\/\/agora.xtec.cat\/ietorrelles\/wp-content\/uploads\/usu2293\/2024\/01\/IMG_0469-min-1536x1152.jpg 1536w, https:\/\/agora.xtec.cat\/ietorrelles\/wp-content\/uploads\/usu2293\/2024\/01\/IMG_0469-min-2048x1536.jpg 2048w, https:\/\/agora.xtec.cat\/ietorrelles\/wp-content\/uploads\/usu2293\/2024\/01\/IMG_0469-min-200x150.jpg 200w\" sizes=\"auto, (max-width: 1024px) 100vw, 1024px\" \/><\/a><\/p>\n<p>&nbsp;<\/p>\n","protected":false},"excerpt":{"rendered":"<p>La canalla de 5\u00e8 va viure ahir una emocionant excursi\u00f3 al Puig Vicen\u00e7, una muntanya de 468 metres entre Cervell\u00f3, Torrelles de Llobregat i Vallirana, al Baix Llobregat. Amb les seves mestres, van explorar la riquesa natural de la regi\u00f3, descobrint flora i fauna. Destacant&hellip;  <a href=\"https:\/\/agora.xtec.cat\/ietorrelles\/eso-2\/primaria\/aventura-educativa-al-puig-vicenc\/\" title=\"Read Aventura Educativa al Puig Vicen\u00e7\">Llegeix m\u00e9s\u00bb<\/a><\/p>\n","protected":false},"author":68,"featured_media":1828,"comment_status":"open","ping_status":"closed","sticky":false,"template":"","format":"standard","meta":{"_bbp_topic_count":0,"_bbp_reply_count":0,"_bbp_total_topic_count":0,"_bbp_total_reply_count":0,"_bbp_voice_count":0,"_bbp_anonymous_reply_count":0,"_bbp_topic_count_hidden":0,"_bbp_reply_count_hidden":0,"_bbp_forum_subforum_count":0,"footnotes":""},"categories":[14,5],"tags":[],"class_list":["post-1827","post","type-post","status-publish","format-standard","has-post-thumbnail","hentry","category-5e","category-primaria"],"post_mailing_queue_ids":[],"_links":{"self":[{"href":"https:\/\/agora.xtec.cat\/ietorrelles\/wp-json\/wp\/v2\/posts\/1827","targetHints":{"allow":["GET"]}}],"collection":[{"href":"https:\/\/agora.xtec.cat\/ietorrelles\/wp-json\/wp\/v2\/posts"}],"about":[{"href":"https:\/\/agora.xtec.cat\/ietorrelles\/wp-json\/wp\/v2\/types\/post"}],"author":[{"embeddable":true,"href":"https:\/\/agora.xtec.cat\/ietorrelles\/wp-json\/wp\/v2\/users\/68"}],"replies":[{"embeddable":true,"href":"https:\/\/agora.xtec.cat\/ietorrelles\/wp-json\/wp\/v2\/comments?post=1827"}],"version-history":[{"count":1,"href":"https:\/\/agora.xtec.cat\/ietorrelles\/wp-json\/wp\/v2\/posts\/1827\/revisions"}],"predecessor-version":[{"id":1829,"href":"https:\/\/agora.xtec.cat\/ietorrelles\/wp-json\/wp\/v2\/posts\/1827\/revisions\/1829"}],"wp:featuredmedia":[{"embeddable":true,"href":"https:\/\/agora.xtec.cat\/ietorrelles\/wp-json\/wp\/v2\/media\/1828"}],"wp:attachment":[{"href":"https:\/\/agora.xtec.cat\/ietorrelles\/wp-json\/wp\/v2\/media?parent=1827"}],"wp:term":[{"taxonomy":"category","embeddable":true,"href":"https:\/\/agora.xtec.cat\/ietorrelles\/wp-json\/wp\/v2\/categories?post=1827"},{"taxonomy":"post_tag","embeddable":true,"href":"https:\/\/agora.xtec.cat\/ietorrelles\/wp-json\/wp\/v2\/tags?post=1827"}],"curies":[{"name":"wp","href":"https:\/\/api.w.org\/{rel}","templated":true}]}}