{"id":1784,"date":"2024-01-16T14:09:01","date_gmt":"2024-01-16T13:09:01","guid":{"rendered":"https:\/\/agora.xtec.cat\/ietorrelles\/?p=1784"},"modified":"2024-01-16T15:13:33","modified_gmt":"2024-01-16T14:13:33","slug":"aprenem-a-ballar-la-tal%c2%b7lara-5e-de-primaria","status":"publish","type":"post","link":"https:\/\/agora.xtec.cat\/ietorrelles\/eso-2\/primaria\/aprenem-a-ballar-la-tal%c2%b7lara-5e-de-primaria\/","title":{"rendered":"APRENEM A BALLAR LA TAL\u00b7LARA (5\u00e8 de prim\u00e0ria)"},"content":{"rendered":"<p>A la comunitat de grans estem de Festa Major. Aquesta setmana la canalla de 5\u00e8 de prim\u00e0ria est\u00e0 treballant la dansa de la\u00a0<span class=\"hiddenSpellError\">Tal\u00b7lara<\/span>. Amb motiu i ganes que aquest ball sigui una dansa referent pel nostre alumnat ahir la Martina Roig i l&#8217;Ona Pla de l&#8217;Esbart Sant Mart\u00ed de l&#8217;Ateneu Torrellenc van venir a l&#8217;edifici verd i ens van ajudar a aprendre-la.<\/p>\n<p><a href=\"https:\/\/agora.xtec.cat\/ietorrelles\/wp-content\/uploads\/usu2293\/2024\/01\/WhatsApp-Image-2024-01-16-at-14.08.09.jpeg\"><img loading=\"lazy\" decoding=\"async\" class=\"alignnone size-full wp-image-1785\" src=\"https:\/\/agora.xtec.cat\/ietorrelles\/wp-content\/uploads\/usu2293\/2024\/01\/WhatsApp-Image-2024-01-16-at-14.08.09.jpeg\" alt=\"\" width=\"1024\" height=\"768\" srcset=\"https:\/\/agora.xtec.cat\/ietorrelles\/wp-content\/uploads\/usu2293\/2024\/01\/WhatsApp-Image-2024-01-16-at-14.08.09.jpeg 1024w, https:\/\/agora.xtec.cat\/ietorrelles\/wp-content\/uploads\/usu2293\/2024\/01\/WhatsApp-Image-2024-01-16-at-14.08.09-300x225.jpeg 300w, https:\/\/agora.xtec.cat\/ietorrelles\/wp-content\/uploads\/usu2293\/2024\/01\/WhatsApp-Image-2024-01-16-at-14.08.09-768x576.jpeg 768w, https:\/\/agora.xtec.cat\/ietorrelles\/wp-content\/uploads\/usu2293\/2024\/01\/WhatsApp-Image-2024-01-16-at-14.08.09-200x150.jpeg 200w\" sizes=\"auto, (max-width: 1024px) 100vw, 1024px\" \/><\/a><\/p>\n","protected":false},"excerpt":{"rendered":"<p>A la comunitat de grans estem de Festa Major. Aquesta setmana la canalla de 5\u00e8 de prim\u00e0ria est\u00e0 treballant la dansa de la\u00a0Tal\u00b7lara. Amb motiu i ganes que aquest ball sigui una dansa referent pel nostre alumnat ahir la Martina Roig i l&#8217;Ona Pla de&hellip;  <a href=\"https:\/\/agora.xtec.cat\/ietorrelles\/eso-2\/primaria\/aprenem-a-ballar-la-tal%c2%b7lara-5e-de-primaria\/\" title=\"Read APRENEM A BALLAR LA TAL\u00b7LARA (5\u00e8 de prim\u00e0ria)\">Llegeix m\u00e9s\u00bb<\/a><\/p>\n","protected":false},"author":68,"featured_media":1785,"comment_status":"open","ping_status":"closed","sticky":false,"template":"","format":"standard","meta":{"_bbp_topic_count":0,"_bbp_reply_count":0,"_bbp_total_topic_count":0,"_bbp_total_reply_count":0,"_bbp_voice_count":0,"_bbp_anonymous_reply_count":0,"_bbp_topic_count_hidden":0,"_bbp_reply_count_hidden":0,"_bbp_forum_subforum_count":0,"footnotes":""},"categories":[14,5],"tags":[],"class_list":["post-1784","post","type-post","status-publish","format-standard","has-post-thumbnail","hentry","category-5e","category-primaria"],"post_mailing_queue_ids":[],"_links":{"self":[{"href":"https:\/\/agora.xtec.cat\/ietorrelles\/wp-json\/wp\/v2\/posts\/1784","targetHints":{"allow":["GET"]}}],"collection":[{"href":"https:\/\/agora.xtec.cat\/ietorrelles\/wp-json\/wp\/v2\/posts"}],"about":[{"href":"https:\/\/agora.xtec.cat\/ietorrelles\/wp-json\/wp\/v2\/types\/post"}],"author":[{"embeddable":true,"href":"https:\/\/agora.xtec.cat\/ietorrelles\/wp-json\/wp\/v2\/users\/68"}],"replies":[{"embeddable":true,"href":"https:\/\/agora.xtec.cat\/ietorrelles\/wp-json\/wp\/v2\/comments?post=1784"}],"version-history":[{"count":1,"href":"https:\/\/agora.xtec.cat\/ietorrelles\/wp-json\/wp\/v2\/posts\/1784\/revisions"}],"predecessor-version":[{"id":1786,"href":"https:\/\/agora.xtec.cat\/ietorrelles\/wp-json\/wp\/v2\/posts\/1784\/revisions\/1786"}],"wp:featuredmedia":[{"embeddable":true,"href":"https:\/\/agora.xtec.cat\/ietorrelles\/wp-json\/wp\/v2\/media\/1785"}],"wp:attachment":[{"href":"https:\/\/agora.xtec.cat\/ietorrelles\/wp-json\/wp\/v2\/media?parent=1784"}],"wp:term":[{"taxonomy":"category","embeddable":true,"href":"https:\/\/agora.xtec.cat\/ietorrelles\/wp-json\/wp\/v2\/categories?post=1784"},{"taxonomy":"post_tag","embeddable":true,"href":"https:\/\/agora.xtec.cat\/ietorrelles\/wp-json\/wp\/v2\/tags?post=1784"}],"curies":[{"name":"wp","href":"https:\/\/api.w.org\/{rel}","templated":true}]}}