{"id":1735,"date":"2023-12-13T14:39:31","date_gmt":"2023-12-13T13:39:31","guid":{"rendered":"https:\/\/agora.xtec.cat\/ietorrelles\/?p=1735"},"modified":"2023-12-15T11:16:43","modified_gmt":"2023-12-15T10:16:43","slug":"taller-de-lescola-al-centre-comercial","status":"publish","type":"post","link":"https:\/\/agora.xtec.cat\/ietorrelles\/eso-2\/primaria\/taller-de-lescola-al-centre-comercial\/","title":{"rendered":"Taller de l&#8217;escola al centre comercial"},"content":{"rendered":"<p>L&#8217;alumnat de 6\u00e8 de prim\u00e0ria hem tingut l&#8217;oportunitat de fer el taller de &#8220;De l&#8217;escola al centre comercial&#8221; on hem experimentat l&#8217;acte de consum tenint en compte conceptes com la difer\u00e8ncia entre producte i servei, el preu, la informaci\u00f3 sobre el consum preferent\/data caducitat, l&#8217;etiquetatge, el tiquet, etc. Tamb\u00e9 han experimentat una situaci\u00f3 de vulneraci\u00f3 dels drets dels consumidors tot utilitzant un full de queixa\/reclamaci\u00f3.<br \/>\nTeniu m\u00e9s fotografies a la carpeta del Google Drive.<\/p>\n<p><a href=\"https:\/\/agora.xtec.cat\/ietorrelles\/wp-content\/uploads\/usu2293\/2023\/12\/e41232e4-8a02-4a33-984d-e720f509be8b.jpg\"><img loading=\"lazy\" decoding=\"async\" class=\"alignnone size-large wp-image-1740\" src=\"https:\/\/agora.xtec.cat\/ietorrelles\/wp-content\/uploads\/usu2293\/2023\/12\/e41232e4-8a02-4a33-984d-e720f509be8b-1024x768.jpg\" alt=\"\" width=\"1024\" height=\"768\" srcset=\"https:\/\/agora.xtec.cat\/ietorrelles\/wp-content\/uploads\/usu2293\/2023\/12\/e41232e4-8a02-4a33-984d-e720f509be8b-1024x768.jpg 1024w, https:\/\/agora.xtec.cat\/ietorrelles\/wp-content\/uploads\/usu2293\/2023\/12\/e41232e4-8a02-4a33-984d-e720f509be8b-300x225.jpg 300w, https:\/\/agora.xtec.cat\/ietorrelles\/wp-content\/uploads\/usu2293\/2023\/12\/e41232e4-8a02-4a33-984d-e720f509be8b-768x576.jpg 768w, https:\/\/agora.xtec.cat\/ietorrelles\/wp-content\/uploads\/usu2293\/2023\/12\/e41232e4-8a02-4a33-984d-e720f509be8b-1536x1152.jpg 1536w, https:\/\/agora.xtec.cat\/ietorrelles\/wp-content\/uploads\/usu2293\/2023\/12\/e41232e4-8a02-4a33-984d-e720f509be8b-200x150.jpg 200w, https:\/\/agora.xtec.cat\/ietorrelles\/wp-content\/uploads\/usu2293\/2023\/12\/e41232e4-8a02-4a33-984d-e720f509be8b.jpg 2048w\" sizes=\"auto, (max-width: 1024px) 100vw, 1024px\" \/><\/a><\/p>\n<p><a href=\"https:\/\/agora.xtec.cat\/ietorrelles\/wp-content\/uploads\/usu2293\/2023\/12\/407f1653-5447-41d3-94e7-c754827ac2b0.jpg\"><img loading=\"lazy\" decoding=\"async\" class=\"alignnone size-large wp-image-1739\" src=\"https:\/\/agora.xtec.cat\/ietorrelles\/wp-content\/uploads\/usu2293\/2023\/12\/407f1653-5447-41d3-94e7-c754827ac2b0-1024x768.jpg\" alt=\"\" width=\"1024\" height=\"768\" srcset=\"https:\/\/agora.xtec.cat\/ietorrelles\/wp-content\/uploads\/usu2293\/2023\/12\/407f1653-5447-41d3-94e7-c754827ac2b0-1024x768.jpg 1024w, https:\/\/agora.xtec.cat\/ietorrelles\/wp-content\/uploads\/usu2293\/2023\/12\/407f1653-5447-41d3-94e7-c754827ac2b0-300x225.jpg 300w, https:\/\/agora.xtec.cat\/ietorrelles\/wp-content\/uploads\/usu2293\/2023\/12\/407f1653-5447-41d3-94e7-c754827ac2b0-768x576.jpg 768w, https:\/\/agora.xtec.cat\/ietorrelles\/wp-content\/uploads\/usu2293\/2023\/12\/407f1653-5447-41d3-94e7-c754827ac2b0-1536x1152.jpg 1536w, https:\/\/agora.xtec.cat\/ietorrelles\/wp-content\/uploads\/usu2293\/2023\/12\/407f1653-5447-41d3-94e7-c754827ac2b0-200x150.jpg 200w, https:\/\/agora.xtec.cat\/ietorrelles\/wp-content\/uploads\/usu2293\/2023\/12\/407f1653-5447-41d3-94e7-c754827ac2b0.jpg 2048w\" sizes=\"auto, (max-width: 1024px) 100vw, 1024px\" \/><\/a><\/p>\n","protected":false},"excerpt":{"rendered":"<p>L&#8217;alumnat de 6\u00e8 de prim\u00e0ria hem tingut l&#8217;oportunitat de fer el taller de &#8220;De l&#8217;escola al centre comercial&#8221; on hem experimentat l&#8217;acte de consum tenint en compte conceptes com la difer\u00e8ncia entre producte i servei, el preu, la informaci\u00f3 sobre el consum preferent\/data caducitat, l&#8217;etiquetatge,&hellip;  <a href=\"https:\/\/agora.xtec.cat\/ietorrelles\/eso-2\/primaria\/taller-de-lescola-al-centre-comercial\/\" title=\"Read Taller de l&#8217;escola al centre comercial\">Llegeix m\u00e9s\u00bb<\/a><\/p>\n","protected":false},"author":68,"featured_media":1739,"comment_status":"open","ping_status":"closed","sticky":false,"template":"","format":"standard","meta":{"_bbp_topic_count":0,"_bbp_reply_count":0,"_bbp_total_topic_count":0,"_bbp_total_reply_count":0,"_bbp_voice_count":0,"_bbp_anonymous_reply_count":0,"_bbp_topic_count_hidden":0,"_bbp_reply_count_hidden":0,"_bbp_forum_subforum_count":0,"footnotes":""},"categories":[15,5],"tags":[],"class_list":["post-1735","post","type-post","status-publish","format-standard","has-post-thumbnail","hentry","category-6e","category-primaria"],"post_mailing_queue_ids":[],"_links":{"self":[{"href":"https:\/\/agora.xtec.cat\/ietorrelles\/wp-json\/wp\/v2\/posts\/1735","targetHints":{"allow":["GET"]}}],"collection":[{"href":"https:\/\/agora.xtec.cat\/ietorrelles\/wp-json\/wp\/v2\/posts"}],"about":[{"href":"https:\/\/agora.xtec.cat\/ietorrelles\/wp-json\/wp\/v2\/types\/post"}],"author":[{"embeddable":true,"href":"https:\/\/agora.xtec.cat\/ietorrelles\/wp-json\/wp\/v2\/users\/68"}],"replies":[{"embeddable":true,"href":"https:\/\/agora.xtec.cat\/ietorrelles\/wp-json\/wp\/v2\/comments?post=1735"}],"version-history":[{"count":2,"href":"https:\/\/agora.xtec.cat\/ietorrelles\/wp-json\/wp\/v2\/posts\/1735\/revisions"}],"predecessor-version":[{"id":1741,"href":"https:\/\/agora.xtec.cat\/ietorrelles\/wp-json\/wp\/v2\/posts\/1735\/revisions\/1741"}],"wp:featuredmedia":[{"embeddable":true,"href":"https:\/\/agora.xtec.cat\/ietorrelles\/wp-json\/wp\/v2\/media\/1739"}],"wp:attachment":[{"href":"https:\/\/agora.xtec.cat\/ietorrelles\/wp-json\/wp\/v2\/media?parent=1735"}],"wp:term":[{"taxonomy":"category","embeddable":true,"href":"https:\/\/agora.xtec.cat\/ietorrelles\/wp-json\/wp\/v2\/categories?post=1735"},{"taxonomy":"post_tag","embeddable":true,"href":"https:\/\/agora.xtec.cat\/ietorrelles\/wp-json\/wp\/v2\/tags?post=1735"}],"curies":[{"name":"wp","href":"https:\/\/api.w.org\/{rel}","templated":true}]}}