{"id":1730,"date":"2023-12-12T13:45:18","date_gmt":"2023-12-12T12:45:18","guid":{"rendered":"https:\/\/agora.xtec.cat\/ietorrelles\/?p=1730"},"modified":"2023-12-15T11:33:58","modified_gmt":"2023-12-15T10:33:58","slug":"hem-anat-a-buscar-el-tio","status":"publish","type":"post","link":"https:\/\/agora.xtec.cat\/ietorrelles\/eso-2\/infantil\/hem-anat-a-buscar-el-tio\/","title":{"rendered":"HEM ANAT A BUSCAR EL TI\u00d3!!"},"content":{"rendered":"<p>El passat dimarts 12 de desembre, al mat\u00ed tota la comunitat de petits vam anar als voltants de l&#8217;escola a buscar el Ti\u00f3.<\/p>\n<p>Vam rebre el dia abans una carta del Ti\u00f3 que no trobava l&#8217;escola i ens deixava unes pistes.<\/p>\n<p>Va ser molt emocionant durant el cam\u00ed anar descobrint les pistes fins que finalment vam trobar el nostre Ti\u00f3.<\/p>\n<p>Podeu visualitzar les fotos a la carpeta del drive de la vostra promoci\u00f3.<\/p>\n<p><a href=\"https:\/\/agora.xtec.cat\/ietorrelles\/wp-content\/uploads\/usu2293\/2023\/12\/IMG_2693-1-scaled.jpg\"><img loading=\"lazy\" decoding=\"async\" class=\"alignnone wp-image-1762\" src=\"https:\/\/agora.xtec.cat\/ietorrelles\/wp-content\/uploads\/usu2293\/2023\/12\/IMG_2693-1-768x1024.jpg\" alt=\"\" width=\"450\" height=\"600\" srcset=\"https:\/\/agora.xtec.cat\/ietorrelles\/wp-content\/uploads\/usu2293\/2023\/12\/IMG_2693-1-768x1024.jpg 768w, https:\/\/agora.xtec.cat\/ietorrelles\/wp-content\/uploads\/usu2293\/2023\/12\/IMG_2693-1-225x300.jpg 225w, https:\/\/agora.xtec.cat\/ietorrelles\/wp-content\/uploads\/usu2293\/2023\/12\/IMG_2693-1-1152x1536.jpg 1152w, https:\/\/agora.xtec.cat\/ietorrelles\/wp-content\/uploads\/usu2293\/2023\/12\/IMG_2693-1-1536x2048.jpg 1536w, https:\/\/agora.xtec.cat\/ietorrelles\/wp-content\/uploads\/usu2293\/2023\/12\/IMG_2693-1-scaled.jpg 1920w\" sizes=\"auto, (max-width: 450px) 100vw, 450px\" \/><\/a><\/p>\n<p>&nbsp;<\/p>\n<p>&nbsp;<\/p>\n","protected":false},"excerpt":{"rendered":"<p>El passat dimarts 12 de desembre, al mat\u00ed tota la comunitat de petits vam anar als voltants de l&#8217;escola a buscar el Ti\u00f3.<br \/>\nVam rebre el dia abans una carta del Ti\u00f3 que no trobava l&#8217;escola i ens deixava unes pistes.<br \/>\nVa ser molt emocionant durant el&hellip;  <a href=\"https:\/\/agora.xtec.cat\/ietorrelles\/eso-2\/infantil\/hem-anat-a-buscar-el-tio\/\" title=\"Read HEM ANAT A BUSCAR EL TI\u00d3!!\">Llegeix m\u00e9s\u00bb<\/a><\/p>\n","protected":false},"author":66,"featured_media":1762,"comment_status":"open","ping_status":"closed","sticky":false,"template":"","format":"standard","meta":{"_bbp_topic_count":0,"_bbp_reply_count":0,"_bbp_total_topic_count":0,"_bbp_total_reply_count":0,"_bbp_voice_count":0,"_bbp_anonymous_reply_count":0,"_bbp_topic_count_hidden":0,"_bbp_reply_count_hidden":0,"_bbp_forum_subforum_count":0,"footnotes":""},"categories":[3,8,9,2],"tags":[],"class_list":["post-1730","post","type-post","status-publish","format-standard","has-post-thumbnail","hentry","category-i3","category-i4","category-i5","category-infantil"],"post_mailing_queue_ids":[],"_links":{"self":[{"href":"https:\/\/agora.xtec.cat\/ietorrelles\/wp-json\/wp\/v2\/posts\/1730","targetHints":{"allow":["GET"]}}],"collection":[{"href":"https:\/\/agora.xtec.cat\/ietorrelles\/wp-json\/wp\/v2\/posts"}],"about":[{"href":"https:\/\/agora.xtec.cat\/ietorrelles\/wp-json\/wp\/v2\/types\/post"}],"author":[{"embeddable":true,"href":"https:\/\/agora.xtec.cat\/ietorrelles\/wp-json\/wp\/v2\/users\/66"}],"replies":[{"embeddable":true,"href":"https:\/\/agora.xtec.cat\/ietorrelles\/wp-json\/wp\/v2\/comments?post=1730"}],"version-history":[{"count":4,"href":"https:\/\/agora.xtec.cat\/ietorrelles\/wp-json\/wp\/v2\/posts\/1730\/revisions"}],"predecessor-version":[{"id":1766,"href":"https:\/\/agora.xtec.cat\/ietorrelles\/wp-json\/wp\/v2\/posts\/1730\/revisions\/1766"}],"wp:featuredmedia":[{"embeddable":true,"href":"https:\/\/agora.xtec.cat\/ietorrelles\/wp-json\/wp\/v2\/media\/1762"}],"wp:attachment":[{"href":"https:\/\/agora.xtec.cat\/ietorrelles\/wp-json\/wp\/v2\/media?parent=1730"}],"wp:term":[{"taxonomy":"category","embeddable":true,"href":"https:\/\/agora.xtec.cat\/ietorrelles\/wp-json\/wp\/v2\/categories?post=1730"},{"taxonomy":"post_tag","embeddable":true,"href":"https:\/\/agora.xtec.cat\/ietorrelles\/wp-json\/wp\/v2\/tags?post=1730"}],"curies":[{"name":"wp","href":"https:\/\/api.w.org\/{rel}","templated":true}]}}