{"id":1718,"date":"2023-11-27T09:55:01","date_gmt":"2023-11-27T08:55:01","guid":{"rendered":"https:\/\/agora.xtec.cat\/ietorrelles\/?p=1718"},"modified":"2023-12-04T10:02:22","modified_gmt":"2023-12-04T09:02:22","slug":"dia-internacional-per-a-leliminacio-de-la-violencia-envers-les-dones","status":"publish","type":"post","link":"https:\/\/agora.xtec.cat\/ietorrelles\/eso-2\/dia-internacional-per-a-leliminacio-de-la-violencia-envers-les-dones\/","title":{"rendered":"Dia Internacional per a l&#8217;Eliminaci\u00f3 de la Viol\u00e8ncia envers les Dones"},"content":{"rendered":"<p>El dia 24 de novembre ens vam reunir tot l&#8217;alumnat de la comunitat de grans i joves al pati de l&#8217;edifici groc per commemorar el Dia Internacional per a l&#8217;Eliminaci\u00f3 de la Viol\u00e8ncia envers les Dones, una jornada que ens va convidar a reflexionar sobre la import\u00e0ncia de construir un m\u00f3n on totes les dones i les nenes puguin viure lliures de viol\u00e8ncia.<br \/>\nL&#8217;alumnat durant la setmana va treballar un missatge i el va poder plasmar a una samarreta. El divendres vam sortir totes i tots amb la samarreta posada a escoltar el manifest que van fer l&#8217;alumnat de 4t de l&#8217;ESO per\u00a0reivindicar\u00a0la import\u00e0ncia d&#8217;aquest dia.<\/p>\n<p><a href=\"https:\/\/agora.xtec.cat\/ietorrelles\/wp-content\/uploads\/usu2293\/2023\/12\/73a9e4f4-126e-489d-be08-3bb3cf8c5d45.jpg\"><img loading=\"lazy\" decoding=\"async\" class=\"alignnone size-large wp-image-1719\" src=\"https:\/\/agora.xtec.cat\/ietorrelles\/wp-content\/uploads\/usu2293\/2023\/12\/73a9e4f4-126e-489d-be08-3bb3cf8c5d45-1024x683.jpg\" alt=\"\" width=\"1024\" height=\"683\" srcset=\"https:\/\/agora.xtec.cat\/ietorrelles\/wp-content\/uploads\/usu2293\/2023\/12\/73a9e4f4-126e-489d-be08-3bb3cf8c5d45-1024x683.jpg 1024w, https:\/\/agora.xtec.cat\/ietorrelles\/wp-content\/uploads\/usu2293\/2023\/12\/73a9e4f4-126e-489d-be08-3bb3cf8c5d45-300x200.jpg 300w, https:\/\/agora.xtec.cat\/ietorrelles\/wp-content\/uploads\/usu2293\/2023\/12\/73a9e4f4-126e-489d-be08-3bb3cf8c5d45-768x512.jpg 768w, https:\/\/agora.xtec.cat\/ietorrelles\/wp-content\/uploads\/usu2293\/2023\/12\/73a9e4f4-126e-489d-be08-3bb3cf8c5d45-1536x1024.jpg 1536w, https:\/\/agora.xtec.cat\/ietorrelles\/wp-content\/uploads\/usu2293\/2023\/12\/73a9e4f4-126e-489d-be08-3bb3cf8c5d45.jpg 2048w\" sizes=\"auto, (max-width: 1024px) 100vw, 1024px\" \/><\/a><\/p>\n","protected":false},"excerpt":{"rendered":"<p>El dia 24 de novembre ens vam reunir tot l&#8217;alumnat de la comunitat de grans i joves al pati de l&#8217;edifici groc per commemorar el Dia Internacional per a l&#8217;Eliminaci\u00f3 de la Viol\u00e8ncia envers les Dones, una jornada que ens va convidar a reflexionar sobre&hellip;  <a href=\"https:\/\/agora.xtec.cat\/ietorrelles\/eso-2\/dia-internacional-per-a-leliminacio-de-la-violencia-envers-les-dones\/\" title=\"Read Dia Internacional per a l&#8217;Eliminaci\u00f3 de la Viol\u00e8ncia envers les Dones\">Llegeix m\u00e9s\u00bb<\/a><\/p>\n","protected":false},"author":68,"featured_media":1719,"comment_status":"open","ping_status":"closed","sticky":false,"template":"","format":"standard","meta":{"_bbp_topic_count":0,"_bbp_reply_count":0,"_bbp_total_topic_count":0,"_bbp_total_reply_count":0,"_bbp_voice_count":0,"_bbp_anonymous_reply_count":0,"_bbp_topic_count_hidden":0,"_bbp_reply_count_hidden":0,"_bbp_forum_subforum_count":0,"footnotes":""},"categories":[10,63,11,64,12,65,13,66,14,15,7,1,3,8,9,2,5],"tags":[],"class_list":["post-1718","post","type-post","status-publish","format-standard","has-post-thumbnail","hentry","category-1r","category-1r-deso","category-2n","category-2n-deso","category-3r","category-3r-deso","category-4t","category-4t-deso","category-5e","category-6e","category-ampa","category-eso-2","category-i3","category-i4","category-i5","category-infantil","category-primaria"],"post_mailing_queue_ids":[],"_links":{"self":[{"href":"https:\/\/agora.xtec.cat\/ietorrelles\/wp-json\/wp\/v2\/posts\/1718","targetHints":{"allow":["GET"]}}],"collection":[{"href":"https:\/\/agora.xtec.cat\/ietorrelles\/wp-json\/wp\/v2\/posts"}],"about":[{"href":"https:\/\/agora.xtec.cat\/ietorrelles\/wp-json\/wp\/v2\/types\/post"}],"author":[{"embeddable":true,"href":"https:\/\/agora.xtec.cat\/ietorrelles\/wp-json\/wp\/v2\/users\/68"}],"replies":[{"embeddable":true,"href":"https:\/\/agora.xtec.cat\/ietorrelles\/wp-json\/wp\/v2\/comments?post=1718"}],"version-history":[{"count":1,"href":"https:\/\/agora.xtec.cat\/ietorrelles\/wp-json\/wp\/v2\/posts\/1718\/revisions"}],"predecessor-version":[{"id":1720,"href":"https:\/\/agora.xtec.cat\/ietorrelles\/wp-json\/wp\/v2\/posts\/1718\/revisions\/1720"}],"wp:featuredmedia":[{"embeddable":true,"href":"https:\/\/agora.xtec.cat\/ietorrelles\/wp-json\/wp\/v2\/media\/1719"}],"wp:attachment":[{"href":"https:\/\/agora.xtec.cat\/ietorrelles\/wp-json\/wp\/v2\/media?parent=1718"}],"wp:term":[{"taxonomy":"category","embeddable":true,"href":"https:\/\/agora.xtec.cat\/ietorrelles\/wp-json\/wp\/v2\/categories?post=1718"},{"taxonomy":"post_tag","embeddable":true,"href":"https:\/\/agora.xtec.cat\/ietorrelles\/wp-json\/wp\/v2\/tags?post=1718"}],"curies":[{"name":"wp","href":"https:\/\/api.w.org\/{rel}","templated":true}]}}