{"id":1625,"date":"2023-11-21T14:15:23","date_gmt":"2023-11-21T13:15:23","guid":{"rendered":"https:\/\/agora.xtec.cat\/ietorrelles\/?p=1625"},"modified":"2023-11-26T22:30:29","modified_gmt":"2023-11-26T21:30:29","slug":"presentacio-projecte-tujereng-gambia","status":"publish","type":"post","link":"https:\/\/agora.xtec.cat\/ietorrelles\/eso-2\/presentacio-projecte-tujereng-gambia\/","title":{"rendered":"Presentaci\u00f3 projecte Tujereng (G\u00e0mbia)"},"content":{"rendered":"<p>Aquesta tarda hem presentat el Projecte d&#8217;Educaci\u00f3 i Cooperaci\u00f3 amb Tujereng, a les fam\u00edlies de l&#8217;Institut Escola. Hem passat una tarda molt agradable, on hem pogut compartir, con\u00e8ixer i fer xarxa. Moltes gr\u00e0cies pel vostre inter\u00e8s i per fer-ho possible. Entre totes i tots fem realitat el projecte.<\/p>\n<h5>Us deixem el link a la <strong><a href=\"https:\/\/drive.google.com\/file\/d\/1mzo2zXT6GX1p4UGfxhiN43dSFLxCDQaB\/view?usp=sharing\">PRESENTACI\u00d3<\/a><\/strong> i al <strong><a href=\"https:\/\/drive.google.com\/file\/d\/1iLxoxKfKXCB5nMw_0keEUGglUJTc-x-P\/view?usp=sharing\">V\u00cdDEO<\/a><\/strong><\/h5>\n<p><a href=\"https:\/\/agora.xtec.cat\/ietorrelles\/wp-content\/uploads\/usu2293\/2023\/11\/WhatsApp-Image-2023-11-26-at-22.17.03.jpeg\"><img loading=\"lazy\" decoding=\"async\" class=\"alignnone size-full wp-image-1652\" src=\"https:\/\/agora.xtec.cat\/ietorrelles\/wp-content\/uploads\/usu2293\/2023\/11\/WhatsApp-Image-2023-11-26-at-22.17.03.jpeg\" alt=\"\" width=\"1024\" height=\"768\" srcset=\"https:\/\/agora.xtec.cat\/ietorrelles\/wp-content\/uploads\/usu2293\/2023\/11\/WhatsApp-Image-2023-11-26-at-22.17.03.jpeg 1024w, https:\/\/agora.xtec.cat\/ietorrelles\/wp-content\/uploads\/usu2293\/2023\/11\/WhatsApp-Image-2023-11-26-at-22.17.03-300x225.jpeg 300w, https:\/\/agora.xtec.cat\/ietorrelles\/wp-content\/uploads\/usu2293\/2023\/11\/WhatsApp-Image-2023-11-26-at-22.17.03-768x576.jpeg 768w, https:\/\/agora.xtec.cat\/ietorrelles\/wp-content\/uploads\/usu2293\/2023\/11\/WhatsApp-Image-2023-11-26-at-22.17.03-200x150.jpeg 200w\" sizes=\"auto, (max-width: 1024px) 100vw, 1024px\" \/><\/a><\/p>\n<p>&nbsp;<\/p>\n","protected":false},"excerpt":{"rendered":"<p>Aquesta tarda hem presentat el Projecte d&#8217;Educaci\u00f3 i Cooperaci\u00f3 amb Tujereng, a les fam\u00edlies de l&#8217;Institut Escola. Hem passat una tarda molt agradable, on hem pogut compartir, con\u00e8ixer i fer xarxa. Moltes gr\u00e0cies pel vostre inter\u00e8s i per fer-ho possible. Entre totes i tots fem&hellip;  <a href=\"https:\/\/agora.xtec.cat\/ietorrelles\/eso-2\/presentacio-projecte-tujereng-gambia\/\" title=\"Read Presentaci\u00f3 projecte Tujereng (G\u00e0mbia)\">Llegeix m\u00e9s\u00bb<\/a><\/p>\n","protected":false},"author":68,"featured_media":1652,"comment_status":"open","ping_status":"closed","sticky":false,"template":"","format":"standard","meta":{"_bbp_topic_count":0,"_bbp_reply_count":0,"_bbp_total_topic_count":0,"_bbp_total_reply_count":0,"_bbp_voice_count":0,"_bbp_anonymous_reply_count":0,"_bbp_topic_count_hidden":0,"_bbp_reply_count_hidden":0,"_bbp_forum_subforum_count":0,"footnotes":""},"categories":[10,63,11,64,12,65,13,66,14,15,7,1,3,8,9,2,5,119],"tags":[],"class_list":["post-1625","post","type-post","status-publish","format-standard","has-post-thumbnail","hentry","category-1r","category-1r-deso","category-2n","category-2n-deso","category-3r","category-3r-deso","category-4t","category-4t-deso","category-5e","category-6e","category-ampa","category-eso-2","category-i3","category-i4","category-i5","category-infantil","category-primaria","category-revista"],"post_mailing_queue_ids":[],"_links":{"self":[{"href":"https:\/\/agora.xtec.cat\/ietorrelles\/wp-json\/wp\/v2\/posts\/1625","targetHints":{"allow":["GET"]}}],"collection":[{"href":"https:\/\/agora.xtec.cat\/ietorrelles\/wp-json\/wp\/v2\/posts"}],"about":[{"href":"https:\/\/agora.xtec.cat\/ietorrelles\/wp-json\/wp\/v2\/types\/post"}],"author":[{"embeddable":true,"href":"https:\/\/agora.xtec.cat\/ietorrelles\/wp-json\/wp\/v2\/users\/68"}],"replies":[{"embeddable":true,"href":"https:\/\/agora.xtec.cat\/ietorrelles\/wp-json\/wp\/v2\/comments?post=1625"}],"version-history":[{"count":3,"href":"https:\/\/agora.xtec.cat\/ietorrelles\/wp-json\/wp\/v2\/posts\/1625\/revisions"}],"predecessor-version":[{"id":1653,"href":"https:\/\/agora.xtec.cat\/ietorrelles\/wp-json\/wp\/v2\/posts\/1625\/revisions\/1653"}],"wp:featuredmedia":[{"embeddable":true,"href":"https:\/\/agora.xtec.cat\/ietorrelles\/wp-json\/wp\/v2\/media\/1652"}],"wp:attachment":[{"href":"https:\/\/agora.xtec.cat\/ietorrelles\/wp-json\/wp\/v2\/media?parent=1625"}],"wp:term":[{"taxonomy":"category","embeddable":true,"href":"https:\/\/agora.xtec.cat\/ietorrelles\/wp-json\/wp\/v2\/categories?post=1625"},{"taxonomy":"post_tag","embeddable":true,"href":"https:\/\/agora.xtec.cat\/ietorrelles\/wp-json\/wp\/v2\/tags?post=1625"}],"curies":[{"name":"wp","href":"https:\/\/api.w.org\/{rel}","templated":true}]}}