{"id":1622,"date":"2023-11-17T10:42:15","date_gmt":"2023-11-17T09:42:15","guid":{"rendered":"https:\/\/agora.xtec.cat\/ietorrelles\/?p=1622"},"modified":"2023-12-15T11:15:21","modified_gmt":"2023-12-15T10:15:21","slug":"visita-a-la-ciutadella-de-calafell","status":"publish","type":"post","link":"https:\/\/agora.xtec.cat\/ietorrelles\/eso-2\/primaria\/visita-a-la-ciutadella-de-calafell\/","title":{"rendered":"Visita a la Ciutadella de Calafell"},"content":{"rendered":"<p>L&#8217;alumnat de 5\u00e8 de prim\u00e0ria dins el nostre projecte d&#8217;hist\u00f2ria hem tingut l&#8217;oportunitat de visitar un poblat\u00a0reconstru\u00eft\u00a0a Calafell dels\u00a0ibers\u00a0a dalt d&#8217;un tur\u00f3, davant dels estanys de la platja de Calafell on es va establir fa uns 2.500 anys aquesta ciutadella ib\u00e8rica. Ha estat una experi\u00e8ncia\u00a0inoblidable! Teniu les imatges penjades a la carpeta del DRIVE.<\/p>\n<p><a href=\"https:\/\/agora.xtec.cat\/ietorrelles\/wp-content\/uploads\/usu2293\/2023\/11\/WhatsApp-Image-2023-11-21-at-10.41.54.jpeg\"><img loading=\"lazy\" decoding=\"async\" class=\"alignnone size-full wp-image-1623\" src=\"https:\/\/agora.xtec.cat\/ietorrelles\/wp-content\/uploads\/usu2293\/2023\/11\/WhatsApp-Image-2023-11-21-at-10.41.54.jpeg\" alt=\"\" width=\"1024\" height=\"768\" srcset=\"https:\/\/agora.xtec.cat\/ietorrelles\/wp-content\/uploads\/usu2293\/2023\/11\/WhatsApp-Image-2023-11-21-at-10.41.54.jpeg 1024w, https:\/\/agora.xtec.cat\/ietorrelles\/wp-content\/uploads\/usu2293\/2023\/11\/WhatsApp-Image-2023-11-21-at-10.41.54-300x225.jpeg 300w, https:\/\/agora.xtec.cat\/ietorrelles\/wp-content\/uploads\/usu2293\/2023\/11\/WhatsApp-Image-2023-11-21-at-10.41.54-768x576.jpeg 768w, https:\/\/agora.xtec.cat\/ietorrelles\/wp-content\/uploads\/usu2293\/2023\/11\/WhatsApp-Image-2023-11-21-at-10.41.54-200x150.jpeg 200w\" sizes=\"auto, (max-width: 1024px) 100vw, 1024px\" \/><\/a><\/p>\n","protected":false},"excerpt":{"rendered":"<p>L&#8217;alumnat de 5\u00e8 de prim\u00e0ria dins el nostre projecte d&#8217;hist\u00f2ria hem tingut l&#8217;oportunitat de visitar un poblat\u00a0reconstru\u00eft\u00a0a Calafell dels\u00a0ibers\u00a0a dalt d&#8217;un tur\u00f3, davant dels estanys de la platja de Calafell on es va establir fa uns 2.500 anys aquesta ciutadella ib\u00e8rica. Ha estat una experi\u00e8ncia\u00a0inoblidable!&hellip;  <a href=\"https:\/\/agora.xtec.cat\/ietorrelles\/eso-2\/primaria\/visita-a-la-ciutadella-de-calafell\/\" title=\"Read Visita a la Ciutadella de Calafell\">Llegeix m\u00e9s\u00bb<\/a><\/p>\n","protected":false},"author":68,"featured_media":1623,"comment_status":"open","ping_status":"closed","sticky":false,"template":"","format":"standard","meta":{"_bbp_topic_count":0,"_bbp_reply_count":0,"_bbp_total_topic_count":0,"_bbp_total_reply_count":0,"_bbp_voice_count":0,"_bbp_anonymous_reply_count":0,"_bbp_topic_count_hidden":0,"_bbp_reply_count_hidden":0,"_bbp_forum_subforum_count":0,"footnotes":""},"categories":[14,5],"tags":[],"class_list":["post-1622","post","type-post","status-publish","format-standard","has-post-thumbnail","hentry","category-5e","category-primaria"],"post_mailing_queue_ids":[],"_links":{"self":[{"href":"https:\/\/agora.xtec.cat\/ietorrelles\/wp-json\/wp\/v2\/posts\/1622","targetHints":{"allow":["GET"]}}],"collection":[{"href":"https:\/\/agora.xtec.cat\/ietorrelles\/wp-json\/wp\/v2\/posts"}],"about":[{"href":"https:\/\/agora.xtec.cat\/ietorrelles\/wp-json\/wp\/v2\/types\/post"}],"author":[{"embeddable":true,"href":"https:\/\/agora.xtec.cat\/ietorrelles\/wp-json\/wp\/v2\/users\/68"}],"replies":[{"embeddable":true,"href":"https:\/\/agora.xtec.cat\/ietorrelles\/wp-json\/wp\/v2\/comments?post=1622"}],"version-history":[{"count":1,"href":"https:\/\/agora.xtec.cat\/ietorrelles\/wp-json\/wp\/v2\/posts\/1622\/revisions"}],"predecessor-version":[{"id":1624,"href":"https:\/\/agora.xtec.cat\/ietorrelles\/wp-json\/wp\/v2\/posts\/1622\/revisions\/1624"}],"wp:featuredmedia":[{"embeddable":true,"href":"https:\/\/agora.xtec.cat\/ietorrelles\/wp-json\/wp\/v2\/media\/1623"}],"wp:attachment":[{"href":"https:\/\/agora.xtec.cat\/ietorrelles\/wp-json\/wp\/v2\/media?parent=1622"}],"wp:term":[{"taxonomy":"category","embeddable":true,"href":"https:\/\/agora.xtec.cat\/ietorrelles\/wp-json\/wp\/v2\/categories?post=1622"},{"taxonomy":"post_tag","embeddable":true,"href":"https:\/\/agora.xtec.cat\/ietorrelles\/wp-json\/wp\/v2\/tags?post=1622"}],"curies":[{"name":"wp","href":"https:\/\/api.w.org\/{rel}","templated":true}]}}