{"id":1597,"date":"2023-11-14T16:19:20","date_gmt":"2023-11-14T15:19:20","guid":{"rendered":"https:\/\/agora.xtec.cat\/ietorrelles\/?p=1597"},"modified":"2023-11-14T16:27:19","modified_gmt":"2023-11-14T15:27:19","slug":"sortida-la-verema-comunitat-de-mitjans","status":"publish","type":"post","link":"https:\/\/agora.xtec.cat\/ietorrelles\/eso-2\/primaria\/sortida-la-verema-comunitat-de-mitjans\/","title":{"rendered":"Sortida La Verema. Comunitat de mitjans"},"content":{"rendered":"<p style=\"font-weight: 400;\"><span style=\"font-weight: 400;\">El passat dia 30 d\u2019Octubre vam anar a fer la verema a Valldeperes, tota la comunitat de mitjans per celebrar la festa de la tardor. All\u00e0 ens vam dividir per nivells i vam anar a la vinya on ens van fer una explicaci\u00f3 sobre les parts dels ceps i el proc\u00e9s del most.\u00a0<\/span><\/p>\n<p style=\"font-weight: 400;\"><span style=\"font-weight: 400;\">Entre tots i totes vam fer la collita del ra\u00efm i despr\u00e9s el vam portar cap a la casa a on\u00a0 els tres cursos junts vam poder gaudir de l\u2019activitat de trepitjar el ra\u00efm. Els infants es treien les sabates, es netejaven els peus i es posaven dempeus agafats entre ells i elles per comen\u00e7ar a trepitjar el ra\u00efm. Mentrestant els altres infants els animaven cantant una can\u00e7\u00f3 que els monitors i les monitores els hi van ensenyar. Finalment es tornaven a netejar els peus per tornar-se a cal\u00e7ar.\u00a0<\/span><\/p>\n<p style=\"font-weight: 400;\"><span style=\"font-weight: 400;\">Seguidament van colar el most i el van posar en ampolles. Una per a cada classe. Per acabar el dia vam dinar i jugar una estona per l\u2019entorn i abans de pujar a l\u2019autocar ens van donar a tastar una mica de most amb porr\u00f3.\u00a0<\/span><\/p>\n<p style=\"font-weight: 400;\"><span style=\"font-weight: 400;\">Ara tenim a les classes les ampolles de most les quals hi tenim un globus i podem observar el proc\u00e9s de fermentaci\u00f3.\u00a0<\/span><\/p>\n<p style=\"font-weight: 400;\"><span style=\"font-weight: 400;\"><br \/>\n<a href=\"https:\/\/agora.xtec.cat\/ietorrelles\/wp-content\/uploads\/usu2293\/2023\/11\/IMG_0228.jpeg\"><img loading=\"lazy\" decoding=\"async\" class=\"alignnone size-large wp-image-1600\" src=\"https:\/\/agora.xtec.cat\/ietorrelles\/wp-content\/uploads\/usu2293\/2023\/11\/IMG_0228.jpeg\" alt=\"\" width=\"750\" height=\"415\" srcset=\"https:\/\/agora.xtec.cat\/ietorrelles\/wp-content\/uploads\/usu2293\/2023\/11\/IMG_0228.jpeg 750w, https:\/\/agora.xtec.cat\/ietorrelles\/wp-content\/uploads\/usu2293\/2023\/11\/IMG_0228-300x166.jpeg 300w\" sizes=\"auto, (max-width: 750px) 100vw, 750px\" \/><\/a><\/p>\n<p><\/span><\/p>\n<p><a href=\"https:\/\/agora.xtec.cat\/ietorrelles\/wp-content\/uploads\/usu2293\/2023\/11\/IMG_0229.jpeg\"><img loading=\"lazy\" decoding=\"async\" class=\"alignnone size-large wp-image-1599\" src=\"https:\/\/agora.xtec.cat\/ietorrelles\/wp-content\/uploads\/usu2293\/2023\/11\/IMG_0229-655x1024.jpeg\" alt=\"\" width=\"655\" height=\"1024\" srcset=\"https:\/\/agora.xtec.cat\/ietorrelles\/wp-content\/uploads\/usu2293\/2023\/11\/IMG_0229-655x1024.jpeg 655w, https:\/\/agora.xtec.cat\/ietorrelles\/wp-content\/uploads\/usu2293\/2023\/11\/IMG_0229-192x300.jpeg 192w, https:\/\/agora.xtec.cat\/ietorrelles\/wp-content\/uploads\/usu2293\/2023\/11\/IMG_0229.jpeg 750w\" sizes=\"auto, (max-width: 655px) 100vw, 655px\" \/><\/a><\/p>\n<p style=\"font-weight: 400;\"><a href=\"https:\/\/agora.xtec.cat\/ietorrelles\/wp-content\/uploads\/usu2293\/2023\/11\/IMG_0230.jpeg\"><img loading=\"lazy\" decoding=\"async\" class=\"alignnone size-large wp-image-1598\" src=\"https:\/\/agora.xtec.cat\/ietorrelles\/wp-content\/uploads\/usu2293\/2023\/11\/IMG_0230-542x1024.jpeg\" alt=\"\" width=\"542\" height=\"1024\" srcset=\"https:\/\/agora.xtec.cat\/ietorrelles\/wp-content\/uploads\/usu2293\/2023\/11\/IMG_0230-542x1024.jpeg 542w, https:\/\/agora.xtec.cat\/ietorrelles\/wp-content\/uploads\/usu2293\/2023\/11\/IMG_0230-159x300.jpeg 159w, https:\/\/agora.xtec.cat\/ietorrelles\/wp-content\/uploads\/usu2293\/2023\/11\/IMG_0230.jpeg 600w\" sizes=\"auto, (max-width: 542px) 100vw, 542px\" \/><\/a> <a href=\"https:\/\/agora.xtec.cat\/ietorrelles\/wp-content\/uploads\/usu2293\/2023\/11\/IMG_0227.jpeg\"><img loading=\"lazy\" decoding=\"async\" class=\"alignnone size-large wp-image-1601\" src=\"https:\/\/agora.xtec.cat\/ietorrelles\/wp-content\/uploads\/usu2293\/2023\/11\/IMG_0227.jpeg\" alt=\"\" width=\"750\" height=\"421\" srcset=\"https:\/\/agora.xtec.cat\/ietorrelles\/wp-content\/uploads\/usu2293\/2023\/11\/IMG_0227.jpeg 750w, https:\/\/agora.xtec.cat\/ietorrelles\/wp-content\/uploads\/usu2293\/2023\/11\/IMG_0227-300x168.jpeg 300w\" sizes=\"auto, (max-width: 750px) 100vw, 750px\" \/><\/a><\/p>\n","protected":false},"excerpt":{"rendered":"<p>El passat dia 30 d\u2019Octubre vam anar a fer la verema a Valldeperes, tota la comunitat de mitjans per celebrar la festa de la tardor. All\u00e0 ens vam dividir per nivells i vam anar a la vinya on ens van fer una explicaci\u00f3 sobre les&hellip;  <a href=\"https:\/\/agora.xtec.cat\/ietorrelles\/eso-2\/primaria\/sortida-la-verema-comunitat-de-mitjans\/\" title=\"Read Sortida La Verema. Comunitat de mitjans\">Llegeix m\u00e9s\u00bb<\/a><\/p>\n","protected":false},"author":67,"featured_media":1600,"comment_status":"open","ping_status":"closed","sticky":false,"template":"","format":"standard","meta":{"_bbp_topic_count":0,"_bbp_reply_count":0,"_bbp_total_topic_count":0,"_bbp_total_reply_count":0,"_bbp_voice_count":0,"_bbp_anonymous_reply_count":0,"_bbp_topic_count_hidden":0,"_bbp_reply_count_hidden":0,"_bbp_forum_subforum_count":0,"footnotes":""},"categories":[10,11,12,5],"tags":[147,152,153],"class_list":["post-1597","post","type-post","status-publish","format-standard","has-post-thumbnail","hentry","category-1r","category-2n","category-3r","category-primaria","tag-comunitat-mitjans","tag-mitjans","tag-verema"],"post_mailing_queue_ids":[],"_links":{"self":[{"href":"https:\/\/agora.xtec.cat\/ietorrelles\/wp-json\/wp\/v2\/posts\/1597","targetHints":{"allow":["GET"]}}],"collection":[{"href":"https:\/\/agora.xtec.cat\/ietorrelles\/wp-json\/wp\/v2\/posts"}],"about":[{"href":"https:\/\/agora.xtec.cat\/ietorrelles\/wp-json\/wp\/v2\/types\/post"}],"author":[{"embeddable":true,"href":"https:\/\/agora.xtec.cat\/ietorrelles\/wp-json\/wp\/v2\/users\/67"}],"replies":[{"embeddable":true,"href":"https:\/\/agora.xtec.cat\/ietorrelles\/wp-json\/wp\/v2\/comments?post=1597"}],"version-history":[{"count":2,"href":"https:\/\/agora.xtec.cat\/ietorrelles\/wp-json\/wp\/v2\/posts\/1597\/revisions"}],"predecessor-version":[{"id":1605,"href":"https:\/\/agora.xtec.cat\/ietorrelles\/wp-json\/wp\/v2\/posts\/1597\/revisions\/1605"}],"wp:featuredmedia":[{"embeddable":true,"href":"https:\/\/agora.xtec.cat\/ietorrelles\/wp-json\/wp\/v2\/media\/1600"}],"wp:attachment":[{"href":"https:\/\/agora.xtec.cat\/ietorrelles\/wp-json\/wp\/v2\/media?parent=1597"}],"wp:term":[{"taxonomy":"category","embeddable":true,"href":"https:\/\/agora.xtec.cat\/ietorrelles\/wp-json\/wp\/v2\/categories?post=1597"},{"taxonomy":"post_tag","embeddable":true,"href":"https:\/\/agora.xtec.cat\/ietorrelles\/wp-json\/wp\/v2\/tags?post=1597"}],"curies":[{"name":"wp","href":"https:\/\/api.w.org\/{rel}","templated":true}]}}