{"id":1590,"date":"2023-11-14T16:24:46","date_gmt":"2023-11-14T15:24:46","guid":{"rendered":"https:\/\/agora.xtec.cat\/ietorrelles\/?p=1590"},"modified":"2023-11-14T16:24:46","modified_gmt":"2023-11-14T15:24:46","slug":"patis-comunitat-de-mitjans","status":"publish","type":"post","link":"https:\/\/agora.xtec.cat\/ietorrelles\/eso-2\/primaria\/patis-comunitat-de-mitjans\/","title":{"rendered":"Patis. Comunitat de mitjans"},"content":{"rendered":"<p style=\"font-weight: 400;\"><span style=\"font-weight: 400;\"><a href=\"https:\/\/agora.xtec.cat\/ietorrelles\/wp-content\/uploads\/usu2293\/2023\/11\/IMG_0225.jpeg\"><img loading=\"lazy\" decoding=\"async\" class=\"alignnone size-large wp-image-1592\" src=\"https:\/\/agora.xtec.cat\/ietorrelles\/wp-content\/uploads\/usu2293\/2023\/11\/IMG_0225.jpeg\" alt=\"\" width=\"750\" height=\"916\" srcset=\"https:\/\/agora.xtec.cat\/ietorrelles\/wp-content\/uploads\/usu2293\/2023\/11\/IMG_0225.jpeg 750w, https:\/\/agora.xtec.cat\/ietorrelles\/wp-content\/uploads\/usu2293\/2023\/11\/IMG_0225-246x300.jpeg 246w\" sizes=\"auto, (max-width: 750px) 100vw, 750px\" \/><\/a> <a href=\"https:\/\/agora.xtec.cat\/ietorrelles\/wp-content\/uploads\/usu2293\/2023\/11\/IMG_0222.jpeg\"><img loading=\"lazy\" decoding=\"async\" class=\"alignnone size-large wp-image-1595\" src=\"https:\/\/agora.xtec.cat\/ietorrelles\/wp-content\/uploads\/usu2293\/2023\/11\/IMG_0222.jpeg\" alt=\"\" width=\"750\" height=\"413\" srcset=\"https:\/\/agora.xtec.cat\/ietorrelles\/wp-content\/uploads\/usu2293\/2023\/11\/IMG_0222.jpeg 750w, https:\/\/agora.xtec.cat\/ietorrelles\/wp-content\/uploads\/usu2293\/2023\/11\/IMG_0222-300x165.jpeg 300w\" sizes=\"auto, (max-width: 750px) 100vw, 750px\" \/><\/a><\/span><\/p>\n<p style=\"font-weight: 400;\"><span style=\"font-weight: 400;\">Aquest mes de novembre hem comen\u00e7at un nou projecte de pati a la comunitat de mitjans.\u00a0<\/span><\/p>\n<p style=\"font-weight: 400;\"><span style=\"font-weight: 400;\">Volem donar m\u00e9s opcions de joc en el nostre pati i hem proposat diferents espais on els infants poden gaudir cada dia de fer diferents coses. Continuem els dimarts amb el dia de rodes, per\u00f2 els altres dies podem gaudir de:<\/span><\/p>\n<ul style=\"font-weight: 400;\">\n<li style=\"font-weight: 400;\" aria-level=\"1\"><span style=\"font-weight: 400;\">espai d\u2019art: pissarra de paret amb guixos de colors<\/span><\/li>\n<li style=\"font-weight: 400;\" aria-level=\"1\"><span style=\"font-weight: 400;\">espai de jocs de taula: diferents jocs com s\u00f3n el domino, els escacs, el parx\u00eds, mikado, l\u2019oca\u2026<\/span><\/li>\n<li style=\"font-weight: 400;\" aria-level=\"1\"><span style=\"font-weight: 400;\">espai de creativitat: els infants poden portar materials diversos per compartir<\/span><\/li>\n<li style=\"font-weight: 400;\" aria-level=\"1\"><span style=\"font-weight: 400;\">espai de moviment: el gimn\u00e0s estar\u00e0 obert quatre dies a la setmana amb diferents propostes com s\u00f3n ball, joc del ca\u00e7ador, volei i gimn\u00e0stica.<\/span><\/li>\n<li style=\"font-weight: 400;\" aria-level=\"1\"><span style=\"font-weight: 400;\">espai de sorra i aigua: hem comprat material nou de cubells, pales, rasclets\u2026 per poder gaudir fent camins, etc\u2026<\/span><\/li>\n<li style=\"font-weight: 400;\" aria-level=\"1\"><span style=\"font-weight: 400;\">espai de joc simb\u00f2lic: hem comprat material de cuineta i hem habilitat l\u2019espai de la caseta i la cuina<\/span><\/li>\n<li style=\"font-weight: 400;\" aria-level=\"1\"><span style=\"font-weight: 400;\">pista dividida en dos: hem dividit la pista en dos parts una \u00e9s per jugar a futbol i l\u2019altra per fer altres esports com poden ser b\u00e0squet, b\u00e9isbol, etc\u2026<\/span><\/li>\n<\/ul>\n<p style=\"font-weight: 400;\"><span style=\"font-weight: 400;\">Esperem que amb aquestes noves propostes els nostres infants gaudeixin d\u2019all\u00f2 m\u00e9s amb la diversificaci\u00f3 de jocs perqu\u00e8 com deia Francesco Tonucci \u201cTots els aprenentatges m\u00e9s importants de la vida es fan jugant\u201d<\/span><\/p>\n<p><a href=\"https:\/\/agora.xtec.cat\/ietorrelles\/wp-content\/uploads\/usu2293\/2023\/11\/IMG_0223.jpeg\"><img loading=\"lazy\" decoding=\"async\" class=\"alignnone size-large wp-image-1594\" src=\"https:\/\/agora.xtec.cat\/ietorrelles\/wp-content\/uploads\/usu2293\/2023\/11\/IMG_0223.jpeg\" alt=\"\" width=\"750\" height=\"421\" srcset=\"https:\/\/agora.xtec.cat\/ietorrelles\/wp-content\/uploads\/usu2293\/2023\/11\/IMG_0223.jpeg 750w, https:\/\/agora.xtec.cat\/ietorrelles\/wp-content\/uploads\/usu2293\/2023\/11\/IMG_0223-300x168.jpeg 300w\" sizes=\"auto, (max-width: 750px) 100vw, 750px\" \/><\/a><\/p>\n<p><a href=\"https:\/\/agora.xtec.cat\/ietorrelles\/wp-content\/uploads\/usu2293\/2023\/11\/IMG_0224.jpeg\"><img loading=\"lazy\" decoding=\"async\" class=\"alignnone size-large wp-image-1593\" src=\"https:\/\/agora.xtec.cat\/ietorrelles\/wp-content\/uploads\/usu2293\/2023\/11\/IMG_0224-634x1024.jpeg\" alt=\"\" width=\"634\" height=\"1024\" srcset=\"https:\/\/agora.xtec.cat\/ietorrelles\/wp-content\/uploads\/usu2293\/2023\/11\/IMG_0224-634x1024.jpeg 634w, https:\/\/agora.xtec.cat\/ietorrelles\/wp-content\/uploads\/usu2293\/2023\/11\/IMG_0224-186x300.jpeg 186w, https:\/\/agora.xtec.cat\/ietorrelles\/wp-content\/uploads\/usu2293\/2023\/11\/IMG_0224.jpeg 750w\" sizes=\"auto, (max-width: 634px) 100vw, 634px\" \/><\/a><\/p>\n<p><a href=\"https:\/\/agora.xtec.cat\/ietorrelles\/wp-content\/uploads\/usu2293\/2023\/11\/IMG_0226.jpeg\"><img loading=\"lazy\" decoding=\"async\" class=\"alignnone size-large wp-image-1591\" src=\"https:\/\/agora.xtec.cat\/ietorrelles\/wp-content\/uploads\/usu2293\/2023\/11\/IMG_0226-590x1024.jpeg\" alt=\"\" width=\"590\" height=\"1024\" srcset=\"https:\/\/agora.xtec.cat\/ietorrelles\/wp-content\/uploads\/usu2293\/2023\/11\/IMG_0226-590x1024.jpeg 590w, https:\/\/agora.xtec.cat\/ietorrelles\/wp-content\/uploads\/usu2293\/2023\/11\/IMG_0226-173x300.jpeg 173w, https:\/\/agora.xtec.cat\/ietorrelles\/wp-content\/uploads\/usu2293\/2023\/11\/IMG_0226.jpeg 595w\" sizes=\"auto, (max-width: 590px) 100vw, 590px\" \/><\/a><\/p>\n","protected":false},"excerpt":{"rendered":"<p><a href=\"https:\/\/agora.xtec.cat\/ietorrelles\/wp-content\/uploads\/usu2293\/2023\/11\/IMG_0225.jpeg\"><\/a> <a href=\"https:\/\/agora.xtec.cat\/ietorrelles\/wp-content\/uploads\/usu2293\/2023\/11\/IMG_0222.jpeg\"><\/a><br \/>\nAquest mes de novembre hem comen\u00e7at un nou projecte de pati a la comunitat de mitjans.\u00a0<br \/>\nVolem donar m\u00e9s opcions de joc en el nostre pati i hem proposat diferents espais on els infants poden gaudir cada dia de fer diferents coses. Continuem&hellip;  <a href=\"https:\/\/agora.xtec.cat\/ietorrelles\/eso-2\/primaria\/patis-comunitat-de-mitjans\/\" title=\"Read Patis. Comunitat de mitjans\">Llegeix m\u00e9s\u00bb<\/a><\/p>\n","protected":false},"author":67,"featured_media":1595,"comment_status":"open","ping_status":"closed","sticky":false,"template":"","format":"standard","meta":{"_bbp_topic_count":0,"_bbp_reply_count":0,"_bbp_total_topic_count":0,"_bbp_total_reply_count":0,"_bbp_voice_count":0,"_bbp_anonymous_reply_count":0,"_bbp_topic_count_hidden":0,"_bbp_reply_count_hidden":0,"_bbp_forum_subforum_count":0,"footnotes":""},"categories":[10,11,12,5],"tags":[147,154,125,155],"class_list":["post-1590","post","type-post","status-publish","format-standard","has-post-thumbnail","hentry","category-1r","category-2n","category-3r","category-primaria","tag-comunitat-mitjans","tag-patins","tag-patis","tag-sorral"],"post_mailing_queue_ids":[],"_links":{"self":[{"href":"https:\/\/agora.xtec.cat\/ietorrelles\/wp-json\/wp\/v2\/posts\/1590","targetHints":{"allow":["GET"]}}],"collection":[{"href":"https:\/\/agora.xtec.cat\/ietorrelles\/wp-json\/wp\/v2\/posts"}],"about":[{"href":"https:\/\/agora.xtec.cat\/ietorrelles\/wp-json\/wp\/v2\/types\/post"}],"author":[{"embeddable":true,"href":"https:\/\/agora.xtec.cat\/ietorrelles\/wp-json\/wp\/v2\/users\/67"}],"replies":[{"embeddable":true,"href":"https:\/\/agora.xtec.cat\/ietorrelles\/wp-json\/wp\/v2\/comments?post=1590"}],"version-history":[{"count":3,"href":"https:\/\/agora.xtec.cat\/ietorrelles\/wp-json\/wp\/v2\/posts\/1590\/revisions"}],"predecessor-version":[{"id":1604,"href":"https:\/\/agora.xtec.cat\/ietorrelles\/wp-json\/wp\/v2\/posts\/1590\/revisions\/1604"}],"wp:featuredmedia":[{"embeddable":true,"href":"https:\/\/agora.xtec.cat\/ietorrelles\/wp-json\/wp\/v2\/media\/1595"}],"wp:attachment":[{"href":"https:\/\/agora.xtec.cat\/ietorrelles\/wp-json\/wp\/v2\/media?parent=1590"}],"wp:term":[{"taxonomy":"category","embeddable":true,"href":"https:\/\/agora.xtec.cat\/ietorrelles\/wp-json\/wp\/v2\/categories?post=1590"},{"taxonomy":"post_tag","embeddable":true,"href":"https:\/\/agora.xtec.cat\/ietorrelles\/wp-json\/wp\/v2\/tags?post=1590"}],"curies":[{"name":"wp","href":"https:\/\/api.w.org\/{rel}","templated":true}]}}