{"id":1496,"date":"2023-11-02T11:00:57","date_gmt":"2023-11-02T10:00:57","guid":{"rendered":"https:\/\/agora.xtec.cat\/ietorrelles\/?p=1496"},"modified":"2023-11-09T21:07:28","modified_gmt":"2023-11-09T20:07:28","slug":"petits-celebra-la-castanyada","status":"publish","type":"post","link":"https:\/\/agora.xtec.cat\/ietorrelles\/eso-2\/infantil\/petits-celebra-la-castanyada\/","title":{"rendered":"Els petits celebrem la Castanyada!"},"content":{"rendered":"<p>Aquesta setmana, els infants de la comunitat de petits hem fet panellets amb l&#8217;ajuda de la comunitat de joves de 4rt d&#8217;ESO.<\/p>\n<p>Hem gaudit fent la massa i donant forma als panellets, per\u00f2 el que m\u00e9s ens ha agradat \u00e9s poder fer un berenar conjunt per la tarda, estaven bon\u00edssims!<\/p>\n<p>Tamb\u00e9 ha sigut una gran sorpresa rebre la visita de la Castanyera, ens ha acompanyat cantant i ballant, hem passat una molt bona estona.<\/p>\n<p>Podeu visualitzar les fotos a la carpeta del drive de la vostra promoci\u00f3.<\/p>\n<p><a href=\"https:\/\/agora.xtec.cat\/ietorrelles\/wp-content\/uploads\/usu2293\/2023\/10\/IMG_59912-scaled.jpg\"><img loading=\"lazy\" decoding=\"async\" class=\"wp-image-1501 size-medium aligncenter\" src=\"https:\/\/agora.xtec.cat\/ietorrelles\/wp-content\/uploads\/usu2293\/2023\/10\/IMG_59912-scaled-e1698919023983-300x202.jpg\" alt=\"\" width=\"300\" height=\"202\" srcset=\"https:\/\/agora.xtec.cat\/ietorrelles\/wp-content\/uploads\/usu2293\/2023\/10\/IMG_59912-scaled-e1698919023983-300x202.jpg 300w, https:\/\/agora.xtec.cat\/ietorrelles\/wp-content\/uploads\/usu2293\/2023\/10\/IMG_59912-scaled-e1698919023983-1024x688.jpg 1024w, https:\/\/agora.xtec.cat\/ietorrelles\/wp-content\/uploads\/usu2293\/2023\/10\/IMG_59912-scaled-e1698919023983-768x516.jpg 768w, https:\/\/agora.xtec.cat\/ietorrelles\/wp-content\/uploads\/usu2293\/2023\/10\/IMG_59912-scaled-e1698919023983-1536x1032.jpg 1536w, https:\/\/agora.xtec.cat\/ietorrelles\/wp-content\/uploads\/usu2293\/2023\/10\/IMG_59912-scaled-e1698919023983-2048x1376.jpg 2048w\" sizes=\"auto, (max-width: 300px) 100vw, 300px\" \/><\/a><a href=\"https:\/\/agora.xtec.cat\/ietorrelles\/wp-content\/uploads\/usu2293\/2023\/10\/20231031_1519442-scaled.jpg\"> \u00a0 <img loading=\"lazy\" decoding=\"async\" class=\"wp-image-1534 size-medium aligncenter\" src=\"https:\/\/agora.xtec.cat\/ietorrelles\/wp-content\/uploads\/usu2293\/2023\/10\/20231031_1519442-300x135.jpg\" alt=\"\" width=\"300\" height=\"135\" srcset=\"https:\/\/agora.xtec.cat\/ietorrelles\/wp-content\/uploads\/usu2293\/2023\/10\/20231031_1519442-300x135.jpg 300w, https:\/\/agora.xtec.cat\/ietorrelles\/wp-content\/uploads\/usu2293\/2023\/10\/20231031_1519442-1024x461.jpg 1024w, https:\/\/agora.xtec.cat\/ietorrelles\/wp-content\/uploads\/usu2293\/2023\/10\/20231031_1519442-768x346.jpg 768w, https:\/\/agora.xtec.cat\/ietorrelles\/wp-content\/uploads\/usu2293\/2023\/10\/20231031_1519442-1536x691.jpg 1536w, https:\/\/agora.xtec.cat\/ietorrelles\/wp-content\/uploads\/usu2293\/2023\/10\/20231031_1519442-2048x922.jpg 2048w\" sizes=\"auto, (max-width: 300px) 100vw, 300px\" \/><\/a><\/p>\n<p>&nbsp;<\/p>\n<p>&nbsp;<\/p>\n<p>&nbsp;<\/p>\n","protected":false},"excerpt":{"rendered":"<p>Aquesta setmana, els infants de la comunitat de petits hem fet panellets amb l&#8217;ajuda de la comunitat de joves de 4rt d&#8217;ESO.<br \/>\nHem gaudit fent la massa i donant forma als panellets, per\u00f2 el que m\u00e9s ens ha agradat \u00e9s poder fer un berenar conjunt per&hellip;  <a href=\"https:\/\/agora.xtec.cat\/ietorrelles\/eso-2\/infantil\/petits-celebra-la-castanyada\/\" title=\"Read Els petits celebrem la Castanyada!\">Llegeix m\u00e9s\u00bb<\/a><\/p>\n","protected":false},"author":66,"featured_media":1501,"comment_status":"open","ping_status":"closed","sticky":false,"template":"","format":"standard","meta":{"_bbp_topic_count":0,"_bbp_reply_count":0,"_bbp_total_topic_count":0,"_bbp_total_reply_count":0,"_bbp_voice_count":0,"_bbp_anonymous_reply_count":0,"_bbp_topic_count_hidden":0,"_bbp_reply_count_hidden":0,"_bbp_forum_subforum_count":0,"footnotes":""},"categories":[3,8,9,2],"tags":[149,128,150],"class_list":["post-1496","post","type-post","status-publish","format-standard","has-post-thumbnail","hentry","category-i3","category-i4","category-i5","category-infantil","tag-castanyada","tag-comunitat-petits","tag-panellets"],"post_mailing_queue_ids":[],"_links":{"self":[{"href":"https:\/\/agora.xtec.cat\/ietorrelles\/wp-json\/wp\/v2\/posts\/1496","targetHints":{"allow":["GET"]}}],"collection":[{"href":"https:\/\/agora.xtec.cat\/ietorrelles\/wp-json\/wp\/v2\/posts"}],"about":[{"href":"https:\/\/agora.xtec.cat\/ietorrelles\/wp-json\/wp\/v2\/types\/post"}],"author":[{"embeddable":true,"href":"https:\/\/agora.xtec.cat\/ietorrelles\/wp-json\/wp\/v2\/users\/66"}],"replies":[{"embeddable":true,"href":"https:\/\/agora.xtec.cat\/ietorrelles\/wp-json\/wp\/v2\/comments?post=1496"}],"version-history":[{"count":4,"href":"https:\/\/agora.xtec.cat\/ietorrelles\/wp-json\/wp\/v2\/posts\/1496\/revisions"}],"predecessor-version":[{"id":1555,"href":"https:\/\/agora.xtec.cat\/ietorrelles\/wp-json\/wp\/v2\/posts\/1496\/revisions\/1555"}],"wp:featuredmedia":[{"embeddable":true,"href":"https:\/\/agora.xtec.cat\/ietorrelles\/wp-json\/wp\/v2\/media\/1501"}],"wp:attachment":[{"href":"https:\/\/agora.xtec.cat\/ietorrelles\/wp-json\/wp\/v2\/media?parent=1496"}],"wp:term":[{"taxonomy":"category","embeddable":true,"href":"https:\/\/agora.xtec.cat\/ietorrelles\/wp-json\/wp\/v2\/categories?post=1496"},{"taxonomy":"post_tag","embeddable":true,"href":"https:\/\/agora.xtec.cat\/ietorrelles\/wp-json\/wp\/v2\/tags?post=1496"}],"curies":[{"name":"wp","href":"https:\/\/api.w.org\/{rel}","templated":true}]}}