{"id":1478,"date":"2023-10-30T13:23:30","date_gmt":"2023-10-30T12:23:30","guid":{"rendered":"https:\/\/agora.xtec.cat\/ietorrelles\/?p=1478"},"modified":"2023-10-30T13:33:18","modified_gmt":"2023-10-30T12:33:18","slug":"a-la-comunitat-de-grans-celebrem-la-castanyada","status":"publish","type":"post","link":"https:\/\/agora.xtec.cat\/ietorrelles\/eso-2\/primaria\/a-la-comunitat-de-grans-celebrem-la-castanyada\/","title":{"rendered":"A la comunitat de grans&#8230; Celebrem la Castanyada!"},"content":{"rendered":"<p>Fam\u00edlies de la comunitat de Grans!<br \/>\nHem comen\u00e7at amb la celebraci\u00f3 de la Castanyada!<br \/>\nDe bon mat\u00ed hem preparat panellets tradicionals, amb xocolata, amb coco&#8230; ja estan cuits i fan molt bona olor!<br \/>\nDespr\u00e9s del pati hem pogut ballar per classes i nivells la versi\u00f3 de cada classe de la can\u00e7\u00f3 de la Castanyera i posteriorment hem apr\u00e8s tota la comunitat dues danses tradicionals de la tardor amb les nostres mestres!<br \/>\n<strong>HA ESTAT TOT UN \u00c8XIT!<\/strong><br \/>\nUs anirem penjant les fotografies a la carpeta del DRIVE corresponent!<\/p>\n<p><a href=\"https:\/\/agora.xtec.cat\/ietorrelles\/wp-content\/uploads\/usu2293\/2023\/10\/WhatsApp-Image-2023-10-30-at-13.18.13.jpeg\"><img loading=\"lazy\" decoding=\"async\" class=\"alignnone size-large wp-image-1482\" src=\"https:\/\/agora.xtec.cat\/ietorrelles\/wp-content\/uploads\/usu2293\/2023\/10\/WhatsApp-Image-2023-10-30-at-13.18.13-768x1024.jpeg\" alt=\"\" width=\"768\" height=\"1024\" srcset=\"https:\/\/agora.xtec.cat\/ietorrelles\/wp-content\/uploads\/usu2293\/2023\/10\/WhatsApp-Image-2023-10-30-at-13.18.13-768x1024.jpeg 768w, https:\/\/agora.xtec.cat\/ietorrelles\/wp-content\/uploads\/usu2293\/2023\/10\/WhatsApp-Image-2023-10-30-at-13.18.13-225x300.jpeg 225w, https:\/\/agora.xtec.cat\/ietorrelles\/wp-content\/uploads\/usu2293\/2023\/10\/WhatsApp-Image-2023-10-30-at-13.18.13-1152x1536.jpeg 1152w, https:\/\/agora.xtec.cat\/ietorrelles\/wp-content\/uploads\/usu2293\/2023\/10\/WhatsApp-Image-2023-10-30-at-13.18.13.jpeg 1536w\" sizes=\"auto, (max-width: 768px) 100vw, 768px\" \/><\/a> <a href=\"https:\/\/agora.xtec.cat\/ietorrelles\/wp-content\/uploads\/usu2293\/2023\/10\/WhatsApp-Image-2023-10-30-at-13.18.13-1.jpeg\"><img loading=\"lazy\" decoding=\"async\" class=\"alignnone size-large wp-image-1481\" src=\"https:\/\/agora.xtec.cat\/ietorrelles\/wp-content\/uploads\/usu2293\/2023\/10\/WhatsApp-Image-2023-10-30-at-13.18.13-1-768x1024.jpeg\" alt=\"\" width=\"768\" height=\"1024\" srcset=\"https:\/\/agora.xtec.cat\/ietorrelles\/wp-content\/uploads\/usu2293\/2023\/10\/WhatsApp-Image-2023-10-30-at-13.18.13-1-768x1024.jpeg 768w, https:\/\/agora.xtec.cat\/ietorrelles\/wp-content\/uploads\/usu2293\/2023\/10\/WhatsApp-Image-2023-10-30-at-13.18.13-1-225x300.jpeg 225w, https:\/\/agora.xtec.cat\/ietorrelles\/wp-content\/uploads\/usu2293\/2023\/10\/WhatsApp-Image-2023-10-30-at-13.18.13-1-1152x1536.jpeg 1152w, https:\/\/agora.xtec.cat\/ietorrelles\/wp-content\/uploads\/usu2293\/2023\/10\/WhatsApp-Image-2023-10-30-at-13.18.13-1.jpeg 1536w\" sizes=\"auto, (max-width: 768px) 100vw, 768px\" \/><\/a> <a href=\"https:\/\/agora.xtec.cat\/ietorrelles\/wp-content\/uploads\/usu2293\/2023\/10\/WhatsApp-Image-2023-10-30-at-13.18.13-2.jpeg\"><img loading=\"lazy\" decoding=\"async\" class=\"alignnone size-large wp-image-1480\" src=\"https:\/\/agora.xtec.cat\/ietorrelles\/wp-content\/uploads\/usu2293\/2023\/10\/WhatsApp-Image-2023-10-30-at-13.18.13-2-1024x768.jpeg\" alt=\"\" width=\"1024\" height=\"768\" srcset=\"https:\/\/agora.xtec.cat\/ietorrelles\/wp-content\/uploads\/usu2293\/2023\/10\/WhatsApp-Image-2023-10-30-at-13.18.13-2-1024x768.jpeg 1024w, https:\/\/agora.xtec.cat\/ietorrelles\/wp-content\/uploads\/usu2293\/2023\/10\/WhatsApp-Image-2023-10-30-at-13.18.13-2-300x225.jpeg 300w, https:\/\/agora.xtec.cat\/ietorrelles\/wp-content\/uploads\/usu2293\/2023\/10\/WhatsApp-Image-2023-10-30-at-13.18.13-2-768x576.jpeg 768w, https:\/\/agora.xtec.cat\/ietorrelles\/wp-content\/uploads\/usu2293\/2023\/10\/WhatsApp-Image-2023-10-30-at-13.18.13-2-1536x1152.jpeg 1536w, https:\/\/agora.xtec.cat\/ietorrelles\/wp-content\/uploads\/usu2293\/2023\/10\/WhatsApp-Image-2023-10-30-at-13.18.13-2-200x150.jpeg 200w, https:\/\/agora.xtec.cat\/ietorrelles\/wp-content\/uploads\/usu2293\/2023\/10\/WhatsApp-Image-2023-10-30-at-13.18.13-2.jpeg 2048w\" sizes=\"auto, (max-width: 1024px) 100vw, 1024px\" \/><\/a><\/p>\n","protected":false},"excerpt":{"rendered":"<p>Fam\u00edlies de la comunitat de Grans!<br \/>\nHem comen\u00e7at amb la celebraci\u00f3 de la Castanyada!<br \/>\nDe bon mat\u00ed hem preparat panellets tradicionals, amb xocolata, amb coco&#8230; ja estan cuits i fan molt bona olor!<br \/>\nDespr\u00e9s del pati hem pogut ballar per classes i nivells la versi\u00f3 de cada classe&hellip;  <a href=\"https:\/\/agora.xtec.cat\/ietorrelles\/eso-2\/primaria\/a-la-comunitat-de-grans-celebrem-la-castanyada\/\" title=\"Read A la comunitat de grans&#8230; Celebrem la Castanyada!\">Llegeix m\u00e9s\u00bb<\/a><\/p>\n","protected":false},"author":68,"featured_media":1482,"comment_status":"open","ping_status":"closed","sticky":false,"template":"","format":"standard","meta":{"_bbp_topic_count":0,"_bbp_reply_count":0,"_bbp_total_topic_count":0,"_bbp_total_reply_count":0,"_bbp_voice_count":0,"_bbp_anonymous_reply_count":0,"_bbp_topic_count_hidden":0,"_bbp_reply_count_hidden":0,"_bbp_forum_subforum_count":0,"footnotes":""},"categories":[13,14,15,5],"tags":[],"class_list":["post-1478","post","type-post","status-publish","format-standard","has-post-thumbnail","hentry","category-4t","category-5e","category-6e","category-primaria"],"post_mailing_queue_ids":[],"_links":{"self":[{"href":"https:\/\/agora.xtec.cat\/ietorrelles\/wp-json\/wp\/v2\/posts\/1478","targetHints":{"allow":["GET"]}}],"collection":[{"href":"https:\/\/agora.xtec.cat\/ietorrelles\/wp-json\/wp\/v2\/posts"}],"about":[{"href":"https:\/\/agora.xtec.cat\/ietorrelles\/wp-json\/wp\/v2\/types\/post"}],"author":[{"embeddable":true,"href":"https:\/\/agora.xtec.cat\/ietorrelles\/wp-json\/wp\/v2\/users\/68"}],"replies":[{"embeddable":true,"href":"https:\/\/agora.xtec.cat\/ietorrelles\/wp-json\/wp\/v2\/comments?post=1478"}],"version-history":[{"count":2,"href":"https:\/\/agora.xtec.cat\/ietorrelles\/wp-json\/wp\/v2\/posts\/1478\/revisions"}],"predecessor-version":[{"id":1484,"href":"https:\/\/agora.xtec.cat\/ietorrelles\/wp-json\/wp\/v2\/posts\/1478\/revisions\/1484"}],"wp:featuredmedia":[{"embeddable":true,"href":"https:\/\/agora.xtec.cat\/ietorrelles\/wp-json\/wp\/v2\/media\/1482"}],"wp:attachment":[{"href":"https:\/\/agora.xtec.cat\/ietorrelles\/wp-json\/wp\/v2\/media?parent=1478"}],"wp:term":[{"taxonomy":"category","embeddable":true,"href":"https:\/\/agora.xtec.cat\/ietorrelles\/wp-json\/wp\/v2\/categories?post=1478"},{"taxonomy":"post_tag","embeddable":true,"href":"https:\/\/agora.xtec.cat\/ietorrelles\/wp-json\/wp\/v2\/tags?post=1478"}],"curies":[{"name":"wp","href":"https:\/\/api.w.org\/{rel}","templated":true}]}}