{"id":1388,"date":"2023-09-29T13:00:00","date_gmt":"2023-09-29T11:00:00","guid":{"rendered":"https:\/\/agora.xtec.cat\/ietorrelles\/?p=1388"},"modified":"2023-10-27T11:48:46","modified_gmt":"2023-10-27T09:48:46","slug":"presentant-el-projecte-deducacio-i-cooperacio-amb-tujereng-gambia","status":"publish","type":"post","link":"https:\/\/agora.xtec.cat\/ietorrelles\/eso-2\/primaria\/presentant-el-projecte-deducacio-i-cooperacio-amb-tujereng-gambia\/","title":{"rendered":"Presentant el projecte d&#8217;educaci\u00f3 i cooperaci\u00f3 amb Tujereng, G\u00e0mbia"},"content":{"rendered":"<p>Les nenes i nens de 1r i 2n de prim\u00e0ria han tingut l&#8217;oportunitat de con\u00e8ixer de primera m\u00e0 el projecte del nostre Institut Escola d&#8217;educaci\u00f3 i cooperaci\u00f3 amb\u00a0<span class=\"hiddenSpellError\">Tujereng<\/span>\u00a0de G\u00e0mbia amb un dels fundadors de l&#8217;entitat social\u00a0<span class=\"hiddenSpellError\">Mbolo<\/span>.<br \/>\n<span class=\"hiddenSpellError\">Tujereng<\/span>\u00a0\u00e9s un poble agermanat amb Torrelles de Llobregat de G\u00e0mbia i el nostre Institut Escola col\u00b7labora amb el projecte de\u00a0<span class=\"hiddenSpellError\">Fandema<\/span>\u00a0de\u00a0<span class=\"hiddenSpellError\">Mbolo<\/span>.<br \/>\nEn\u00a0Malang ens ha explicat com \u00e9s la fam\u00edlia, les cases,\u00a0algunes\u00a0tradicions.<br \/>\nHem acabat amb algunes can\u00e7ons i alguns balls tamb\u00e9!<\/p>\n<p><a href=\"https:\/\/agora.xtec.cat\/ietorrelles\/wp-content\/uploads\/usu2293\/2023\/10\/Screen-Shot-2023-10-07-at-13.20.11.png\"><img loading=\"lazy\" decoding=\"async\" class=\"alignnone size-full wp-image-1391\" src=\"https:\/\/agora.xtec.cat\/ietorrelles\/wp-content\/uploads\/usu2293\/2023\/10\/Screen-Shot-2023-10-07-at-13.20.11.png\" alt=\"\" width=\"419\" height=\"315\" srcset=\"https:\/\/agora.xtec.cat\/ietorrelles\/wp-content\/uploads\/usu2293\/2023\/10\/Screen-Shot-2023-10-07-at-13.20.11.png 419w, https:\/\/agora.xtec.cat\/ietorrelles\/wp-content\/uploads\/usu2293\/2023\/10\/Screen-Shot-2023-10-07-at-13.20.11-300x226.png 300w, https:\/\/agora.xtec.cat\/ietorrelles\/wp-content\/uploads\/usu2293\/2023\/10\/Screen-Shot-2023-10-07-at-13.20.11-200x150.png 200w\" sizes=\"auto, (max-width: 419px) 100vw, 419px\" \/><\/a> <a href=\"https:\/\/agora.xtec.cat\/ietorrelles\/wp-content\/uploads\/usu2293\/2023\/10\/Screen-Shot-2023-10-07-at-13.20.48.png\"><img loading=\"lazy\" decoding=\"async\" class=\"alignnone size-large wp-image-1392\" src=\"https:\/\/agora.xtec.cat\/ietorrelles\/wp-content\/uploads\/usu2293\/2023\/10\/Screen-Shot-2023-10-07-at-13.20.48.png\" alt=\"\" width=\"420\" height=\"317\" srcset=\"https:\/\/agora.xtec.cat\/ietorrelles\/wp-content\/uploads\/usu2293\/2023\/10\/Screen-Shot-2023-10-07-at-13.20.48.png 420w, https:\/\/agora.xtec.cat\/ietorrelles\/wp-content\/uploads\/usu2293\/2023\/10\/Screen-Shot-2023-10-07-at-13.20.48-300x226.png 300w, https:\/\/agora.xtec.cat\/ietorrelles\/wp-content\/uploads\/usu2293\/2023\/10\/Screen-Shot-2023-10-07-at-13.20.48-200x150.png 200w\" sizes=\"auto, (max-width: 420px) 100vw, 420px\" \/><\/a><\/p>\n<p>&nbsp;<\/p>\n","protected":false},"excerpt":{"rendered":"<p>Les nenes i nens de 1r i 2n de prim\u00e0ria han tingut l&#8217;oportunitat de con\u00e8ixer de primera m\u00e0 el projecte del nostre Institut Escola d&#8217;educaci\u00f3 i cooperaci\u00f3 amb\u00a0Tujereng\u00a0de G\u00e0mbia amb un dels fundadors de l&#8217;entitat social\u00a0Mbolo.<br \/>\nTujereng\u00a0\u00e9s un poble agermanat amb Torrelles de Llobregat de G\u00e0mbia&hellip;  <a href=\"https:\/\/agora.xtec.cat\/ietorrelles\/eso-2\/primaria\/presentant-el-projecte-deducacio-i-cooperacio-amb-tujereng-gambia\/\" title=\"Read Presentant el projecte d&#8217;educaci\u00f3 i cooperaci\u00f3 amb Tujereng, G\u00e0mbia\">Llegeix m\u00e9s\u00bb<\/a><\/p>\n","protected":false},"author":68,"featured_media":1389,"comment_status":"open","ping_status":"closed","sticky":false,"template":"","format":"standard","meta":{"_bbp_topic_count":0,"_bbp_reply_count":0,"_bbp_total_topic_count":0,"_bbp_total_reply_count":0,"_bbp_voice_count":0,"_bbp_anonymous_reply_count":0,"_bbp_topic_count_hidden":0,"_bbp_reply_count_hidden":0,"_bbp_forum_subforum_count":0,"footnotes":""},"categories":[10,11,12,5],"tags":[],"class_list":["post-1388","post","type-post","status-publish","format-standard","has-post-thumbnail","hentry","category-1r","category-2n","category-3r","category-primaria"],"post_mailing_queue_ids":[],"_links":{"self":[{"href":"https:\/\/agora.xtec.cat\/ietorrelles\/wp-json\/wp\/v2\/posts\/1388","targetHints":{"allow":["GET"]}}],"collection":[{"href":"https:\/\/agora.xtec.cat\/ietorrelles\/wp-json\/wp\/v2\/posts"}],"about":[{"href":"https:\/\/agora.xtec.cat\/ietorrelles\/wp-json\/wp\/v2\/types\/post"}],"author":[{"embeddable":true,"href":"https:\/\/agora.xtec.cat\/ietorrelles\/wp-json\/wp\/v2\/users\/68"}],"replies":[{"embeddable":true,"href":"https:\/\/agora.xtec.cat\/ietorrelles\/wp-json\/wp\/v2\/comments?post=1388"}],"version-history":[{"count":2,"href":"https:\/\/agora.xtec.cat\/ietorrelles\/wp-json\/wp\/v2\/posts\/1388\/revisions"}],"predecessor-version":[{"id":1459,"href":"https:\/\/agora.xtec.cat\/ietorrelles\/wp-json\/wp\/v2\/posts\/1388\/revisions\/1459"}],"wp:featuredmedia":[{"embeddable":true,"href":"https:\/\/agora.xtec.cat\/ietorrelles\/wp-json\/wp\/v2\/media\/1389"}],"wp:attachment":[{"href":"https:\/\/agora.xtec.cat\/ietorrelles\/wp-json\/wp\/v2\/media?parent=1388"}],"wp:term":[{"taxonomy":"category","embeddable":true,"href":"https:\/\/agora.xtec.cat\/ietorrelles\/wp-json\/wp\/v2\/categories?post=1388"},{"taxonomy":"post_tag","embeddable":true,"href":"https:\/\/agora.xtec.cat\/ietorrelles\/wp-json\/wp\/v2\/tags?post=1388"}],"curies":[{"name":"wp","href":"https:\/\/api.w.org\/{rel}","templated":true}]}}