{"id":1288,"date":"2023-05-31T17:08:44","date_gmt":"2023-05-31T15:08:44","guid":{"rendered":"https:\/\/agora.xtec.cat\/ietorrelles\/?p=1288"},"modified":"2023-06-14T07:47:55","modified_gmt":"2023-06-14T05:47:55","slug":"ja-tenim-preparades-les-bosses-de-pa-de-fandema","status":"publish","type":"post","link":"https:\/\/agora.xtec.cat\/ietorrelles\/eso-2\/ja-tenim-preparades-les-bosses-de-pa-de-fandema\/","title":{"rendered":"Ja tenim preparades les bosses de pa de Fandema"},"content":{"rendered":"<p>A partir d&#8217;avui, 31 de Maig, trobareu a alguns establiments de la vila les bosses de pa que han confeccionat l&#8217;alumnat de 4t a 6\u00e8 de prim\u00e0ria. Es tracta d&#8217;una iniciativa solid\u00e0ria per col\u00b7laborar amb Fandema, que vetlla per l&#8217;escolartizaci\u00f3 de Tujereng (G\u00e0mbia).<\/p>\n<p>Si voleu con\u00e8ixer m\u00e9s detalladament el projecte, podeu veure el<a href=\"https:\/\/www.youtube.com\/watch?v=02vcuemV-b8\"> seg\u00fcent v\u00eddeo.<\/a><\/p>\n<p>En el cartell adjunt, hi trobareu m\u00e9s informaci\u00f3. Ajudeu-nos en aquesta iniciativa!<\/p>\n<p><a href=\"https:\/\/agora.xtec.cat\/ietorrelles\/wp-content\/uploads\/usu2293\/2023\/05\/Cartell-bosses-de-pa-FANDEMA.png\"><img loading=\"lazy\" decoding=\"async\" class=\"alignnone size-large wp-image-1289\" src=\"https:\/\/agora.xtec.cat\/ietorrelles\/wp-content\/uploads\/usu2293\/2023\/05\/Cartell-bosses-de-pa-FANDEMA-724x1024.png\" alt=\"\" width=\"724\" height=\"1024\" srcset=\"https:\/\/agora.xtec.cat\/ietorrelles\/wp-content\/uploads\/usu2293\/2023\/05\/Cartell-bosses-de-pa-FANDEMA-724x1024.png 724w, https:\/\/agora.xtec.cat\/ietorrelles\/wp-content\/uploads\/usu2293\/2023\/05\/Cartell-bosses-de-pa-FANDEMA-212x300.png 212w, https:\/\/agora.xtec.cat\/ietorrelles\/wp-content\/uploads\/usu2293\/2023\/05\/Cartell-bosses-de-pa-FANDEMA-768x1086.png 768w, https:\/\/agora.xtec.cat\/ietorrelles\/wp-content\/uploads\/usu2293\/2023\/05\/Cartell-bosses-de-pa-FANDEMA-1086x1536.png 1086w, https:\/\/agora.xtec.cat\/ietorrelles\/wp-content\/uploads\/usu2293\/2023\/05\/Cartell-bosses-de-pa-FANDEMA-1448x2048.png 1448w, https:\/\/agora.xtec.cat\/ietorrelles\/wp-content\/uploads\/usu2293\/2023\/05\/Cartell-bosses-de-pa-FANDEMA.png 1587w\" sizes=\"auto, (max-width: 724px) 100vw, 724px\" \/><\/a><\/p>\n","protected":false},"excerpt":{"rendered":"<p>A partir d&#8217;avui, 31 de Maig, trobareu a alguns establiments de la vila les bosses de pa que han confeccionat l&#8217;alumnat de 4t a 6\u00e8 de prim\u00e0ria. Es tracta d&#8217;una iniciativa solid\u00e0ria per col\u00b7laborar amb Fandema, que vetlla per l&#8217;escolartizaci\u00f3 de Tujereng (G\u00e0mbia).<br \/>\nSi voleu con\u00e8ixer&hellip;  <a href=\"https:\/\/agora.xtec.cat\/ietorrelles\/eso-2\/ja-tenim-preparades-les-bosses-de-pa-de-fandema\/\" title=\"Read Ja tenim preparades les bosses de pa de Fandema\">Llegeix m\u00e9s\u00bb<\/a><\/p>\n","protected":false},"author":5,"featured_media":1289,"comment_status":"open","ping_status":"closed","sticky":false,"template":"","format":"standard","meta":{"_bbp_topic_count":0,"_bbp_reply_count":0,"_bbp_total_topic_count":0,"_bbp_total_reply_count":0,"_bbp_voice_count":0,"_bbp_anonymous_reply_count":0,"_bbp_topic_count_hidden":0,"_bbp_reply_count_hidden":0,"_bbp_forum_subforum_count":0,"footnotes":""},"categories":[1,2,5],"tags":[97,138,96],"class_list":["post-1288","post","type-post","status-publish","format-standard","has-post-thumbnail","hentry","category-eso-2","category-infantil","category-primaria","tag-fandema","tag-projecte","tag-solidaritat"],"post_mailing_queue_ids":[],"_links":{"self":[{"href":"https:\/\/agora.xtec.cat\/ietorrelles\/wp-json\/wp\/v2\/posts\/1288","targetHints":{"allow":["GET"]}}],"collection":[{"href":"https:\/\/agora.xtec.cat\/ietorrelles\/wp-json\/wp\/v2\/posts"}],"about":[{"href":"https:\/\/agora.xtec.cat\/ietorrelles\/wp-json\/wp\/v2\/types\/post"}],"author":[{"embeddable":true,"href":"https:\/\/agora.xtec.cat\/ietorrelles\/wp-json\/wp\/v2\/users\/5"}],"replies":[{"embeddable":true,"href":"https:\/\/agora.xtec.cat\/ietorrelles\/wp-json\/wp\/v2\/comments?post=1288"}],"version-history":[{"count":2,"href":"https:\/\/agora.xtec.cat\/ietorrelles\/wp-json\/wp\/v2\/posts\/1288\/revisions"}],"predecessor-version":[{"id":1300,"href":"https:\/\/agora.xtec.cat\/ietorrelles\/wp-json\/wp\/v2\/posts\/1288\/revisions\/1300"}],"wp:featuredmedia":[{"embeddable":true,"href":"https:\/\/agora.xtec.cat\/ietorrelles\/wp-json\/wp\/v2\/media\/1289"}],"wp:attachment":[{"href":"https:\/\/agora.xtec.cat\/ietorrelles\/wp-json\/wp\/v2\/media?parent=1288"}],"wp:term":[{"taxonomy":"category","embeddable":true,"href":"https:\/\/agora.xtec.cat\/ietorrelles\/wp-json\/wp\/v2\/categories?post=1288"},{"taxonomy":"post_tag","embeddable":true,"href":"https:\/\/agora.xtec.cat\/ietorrelles\/wp-json\/wp\/v2\/tags?post=1288"}],"curies":[{"name":"wp","href":"https:\/\/api.w.org\/{rel}","templated":true}]}}