{"id":1285,"date":"2023-05-30T17:58:25","date_gmt":"2023-05-30T15:58:25","guid":{"rendered":"https:\/\/agora.xtec.cat\/ietorrelles\/?p=1285"},"modified":"2023-10-27T11:55:35","modified_gmt":"2023-10-27T09:55:35","slug":"exposicio-dart-a-la-festa-de-les-cireres","status":"publish","type":"post","link":"https:\/\/agora.xtec.cat\/ietorrelles\/eso-2\/exposicio-dart-a-la-festa-de-les-cireres\/","title":{"rendered":"Exposici\u00f3 d&#8217;art a la festa de les cireres"},"content":{"rendered":"<p>L&#8217;alumnat de 3r estan preparant una pe\u00e7a escult\u00f2rica per l&#8217;exposici\u00f3 d&#8217;art que tindr\u00e0 lloc a Torrelles per la festa de la cirera que ser\u00e0 aquest cap de setmana. Estan molt emocionats amb el fet de participar.<\/p>\n<p><a href=\"https:\/\/agora.xtec.cat\/ietorrelles\/wp-content\/uploads\/usu2293\/2023\/05\/WhatsApp-Image-2023-05-30-at-12.29.51.jpeg\"><img loading=\"lazy\" decoding=\"async\" class=\"alignnone size-large wp-image-1286\" src=\"https:\/\/agora.xtec.cat\/ietorrelles\/wp-content\/uploads\/usu2293\/2023\/05\/WhatsApp-Image-2023-05-30-at-12.29.51-814x1024.jpeg\" alt=\"\" width=\"814\" height=\"1024\" srcset=\"https:\/\/agora.xtec.cat\/ietorrelles\/wp-content\/uploads\/usu2293\/2023\/05\/WhatsApp-Image-2023-05-30-at-12.29.51-814x1024.jpeg 814w, https:\/\/agora.xtec.cat\/ietorrelles\/wp-content\/uploads\/usu2293\/2023\/05\/WhatsApp-Image-2023-05-30-at-12.29.51-239x300.jpeg 239w, https:\/\/agora.xtec.cat\/ietorrelles\/wp-content\/uploads\/usu2293\/2023\/05\/WhatsApp-Image-2023-05-30-at-12.29.51-768x966.jpeg 768w, https:\/\/agora.xtec.cat\/ietorrelles\/wp-content\/uploads\/usu2293\/2023\/05\/WhatsApp-Image-2023-05-30-at-12.29.51-1221x1536.jpeg 1221w, https:\/\/agora.xtec.cat\/ietorrelles\/wp-content\/uploads\/usu2293\/2023\/05\/WhatsApp-Image-2023-05-30-at-12.29.51.jpeg 1373w\" sizes=\"auto, (max-width: 814px) 100vw, 814px\" \/><\/a><\/p>\n","protected":false},"excerpt":{"rendered":"<p>L&#8217;alumnat de 3r estan preparant una pe\u00e7a escult\u00f2rica per l&#8217;exposici\u00f3 d&#8217;art que tindr\u00e0 lloc a Torrelles per la festa de la cirera que ser\u00e0 aquest cap de setmana. Estan molt emocionats amb el fet de participar.<br \/>\n<a href=\"https:\/\/agora.xtec.cat\/ietorrelles\/wp-content\/uploads\/usu2293\/2023\/05\/WhatsApp-Image-2023-05-30-at-12.29.51.jpeg\"><\/a><\/p>\n","protected":false},"author":68,"featured_media":1286,"comment_status":"open","ping_status":"closed","sticky":false,"template":"","format":"standard","meta":{"_bbp_topic_count":0,"_bbp_reply_count":0,"_bbp_total_topic_count":0,"_bbp_total_reply_count":0,"_bbp_voice_count":0,"_bbp_anonymous_reply_count":0,"_bbp_topic_count_hidden":0,"_bbp_reply_count_hidden":0,"_bbp_forum_subforum_count":0,"footnotes":""},"categories":[65,1,2,5,119],"tags":[],"class_list":["post-1285","post","type-post","status-publish","format-standard","has-post-thumbnail","hentry","category-3r-deso","category-eso-2","category-infantil","category-primaria","category-revista"],"post_mailing_queue_ids":[],"_links":{"self":[{"href":"https:\/\/agora.xtec.cat\/ietorrelles\/wp-json\/wp\/v2\/posts\/1285","targetHints":{"allow":["GET"]}}],"collection":[{"href":"https:\/\/agora.xtec.cat\/ietorrelles\/wp-json\/wp\/v2\/posts"}],"about":[{"href":"https:\/\/agora.xtec.cat\/ietorrelles\/wp-json\/wp\/v2\/types\/post"}],"author":[{"embeddable":true,"href":"https:\/\/agora.xtec.cat\/ietorrelles\/wp-json\/wp\/v2\/users\/68"}],"replies":[{"embeddable":true,"href":"https:\/\/agora.xtec.cat\/ietorrelles\/wp-json\/wp\/v2\/comments?post=1285"}],"version-history":[{"count":2,"href":"https:\/\/agora.xtec.cat\/ietorrelles\/wp-json\/wp\/v2\/posts\/1285\/revisions"}],"predecessor-version":[{"id":1468,"href":"https:\/\/agora.xtec.cat\/ietorrelles\/wp-json\/wp\/v2\/posts\/1285\/revisions\/1468"}],"wp:featuredmedia":[{"embeddable":true,"href":"https:\/\/agora.xtec.cat\/ietorrelles\/wp-json\/wp\/v2\/media\/1286"}],"wp:attachment":[{"href":"https:\/\/agora.xtec.cat\/ietorrelles\/wp-json\/wp\/v2\/media?parent=1285"}],"wp:term":[{"taxonomy":"category","embeddable":true,"href":"https:\/\/agora.xtec.cat\/ietorrelles\/wp-json\/wp\/v2\/categories?post=1285"},{"taxonomy":"post_tag","embeddable":true,"href":"https:\/\/agora.xtec.cat\/ietorrelles\/wp-json\/wp\/v2\/tags?post=1285"}],"curies":[{"name":"wp","href":"https:\/\/api.w.org\/{rel}","templated":true}]}}