{"id":1279,"date":"2023-05-27T11:15:04","date_gmt":"2023-05-27T09:15:04","guid":{"rendered":"https:\/\/agora.xtec.cat\/ietorrelles\/?p=1279"},"modified":"2023-10-27T11:46:30","modified_gmt":"2023-10-27T09:46:30","slug":"espectacular-concert-de-1r-i-6e","status":"publish","type":"post","link":"https:\/\/agora.xtec.cat\/ietorrelles\/eso-2\/primaria\/espectacular-concert-de-1r-i-6e\/","title":{"rendered":"Espectacular concert de 1r i 6\u00e8!!!"},"content":{"rendered":"<p>M\u00e9s de 120 nenes i nens cantant alhora can\u00e7ons com &#8220;Lluna Bruna&#8221;a l&#8217;ateneu Torrellenc. Ha estat espectacular. Esperem que les fam\u00edlies h\u00e0giu gaudit com la canalla amb les danses, percussions corporals i can\u00e7ons que us hem ofert des de l&#8217;\u00e0rea de m\u00fasica amb totes les nostres tutores. Ha estat molt emocionant. Us anirem penjant m\u00e9s fotografies a les carpetes corresponents.<\/p>\n<p><a href=\"https:\/\/agora.xtec.cat\/ietorrelles\/wp-content\/uploads\/usu2293\/2023\/05\/WhatsApp-Image-2023-05-26-at-23.18.19.jpeg\"><img loading=\"lazy\" decoding=\"async\" class=\"alignnone size-full wp-image-1280\" src=\"https:\/\/agora.xtec.cat\/ietorrelles\/wp-content\/uploads\/usu2293\/2023\/05\/WhatsApp-Image-2023-05-26-at-23.18.19.jpeg\" alt=\"\" width=\"1024\" height=\"473\" srcset=\"https:\/\/agora.xtec.cat\/ietorrelles\/wp-content\/uploads\/usu2293\/2023\/05\/WhatsApp-Image-2023-05-26-at-23.18.19.jpeg 1024w, https:\/\/agora.xtec.cat\/ietorrelles\/wp-content\/uploads\/usu2293\/2023\/05\/WhatsApp-Image-2023-05-26-at-23.18.19-300x139.jpeg 300w, https:\/\/agora.xtec.cat\/ietorrelles\/wp-content\/uploads\/usu2293\/2023\/05\/WhatsApp-Image-2023-05-26-at-23.18.19-768x355.jpeg 768w\" sizes=\"auto, (max-width: 1024px) 100vw, 1024px\" \/><\/a><\/p>\n","protected":false},"excerpt":{"rendered":"<p>M\u00e9s de 120 nenes i nens cantant alhora can\u00e7ons com &#8220;Lluna Bruna&#8221;a l&#8217;ateneu Torrellenc. Ha estat espectacular. Esperem que les fam\u00edlies h\u00e0giu gaudit com la canalla amb les danses, percussions corporals i can\u00e7ons que us hem ofert des de l&#8217;\u00e0rea de m\u00fasica amb totes les&hellip;  <a href=\"https:\/\/agora.xtec.cat\/ietorrelles\/eso-2\/primaria\/espectacular-concert-de-1r-i-6e\/\" title=\"Read Espectacular concert de 1r i 6\u00e8!!!\">Llegeix m\u00e9s\u00bb<\/a><\/p>\n","protected":false},"author":68,"featured_media":1280,"comment_status":"open","ping_status":"closed","sticky":false,"template":"","format":"standard","meta":{"_bbp_topic_count":0,"_bbp_reply_count":0,"_bbp_total_topic_count":0,"_bbp_total_reply_count":0,"_bbp_voice_count":0,"_bbp_anonymous_reply_count":0,"_bbp_topic_count_hidden":0,"_bbp_reply_count_hidden":0,"_bbp_forum_subforum_count":0,"footnotes":""},"categories":[10,15,5],"tags":[],"class_list":["post-1279","post","type-post","status-publish","format-standard","has-post-thumbnail","hentry","category-1r","category-6e","category-primaria"],"post_mailing_queue_ids":[],"_links":{"self":[{"href":"https:\/\/agora.xtec.cat\/ietorrelles\/wp-json\/wp\/v2\/posts\/1279","targetHints":{"allow":["GET"]}}],"collection":[{"href":"https:\/\/agora.xtec.cat\/ietorrelles\/wp-json\/wp\/v2\/posts"}],"about":[{"href":"https:\/\/agora.xtec.cat\/ietorrelles\/wp-json\/wp\/v2\/types\/post"}],"author":[{"embeddable":true,"href":"https:\/\/agora.xtec.cat\/ietorrelles\/wp-json\/wp\/v2\/users\/68"}],"replies":[{"embeddable":true,"href":"https:\/\/agora.xtec.cat\/ietorrelles\/wp-json\/wp\/v2\/comments?post=1279"}],"version-history":[{"count":4,"href":"https:\/\/agora.xtec.cat\/ietorrelles\/wp-json\/wp\/v2\/posts\/1279\/revisions"}],"predecessor-version":[{"id":2590,"href":"https:\/\/agora.xtec.cat\/ietorrelles\/wp-json\/wp\/v2\/posts\/1279\/revisions\/2590"}],"wp:featuredmedia":[{"embeddable":true,"href":"https:\/\/agora.xtec.cat\/ietorrelles\/wp-json\/wp\/v2\/media\/1280"}],"wp:attachment":[{"href":"https:\/\/agora.xtec.cat\/ietorrelles\/wp-json\/wp\/v2\/media?parent=1279"}],"wp:term":[{"taxonomy":"category","embeddable":true,"href":"https:\/\/agora.xtec.cat\/ietorrelles\/wp-json\/wp\/v2\/categories?post=1279"},{"taxonomy":"post_tag","embeddable":true,"href":"https:\/\/agora.xtec.cat\/ietorrelles\/wp-json\/wp\/v2\/tags?post=1279"}],"curies":[{"name":"wp","href":"https:\/\/api.w.org\/{rel}","templated":true}]}}