{"id":1271,"date":"2023-05-22T20:36:51","date_gmt":"2023-05-22T18:36:51","guid":{"rendered":"https:\/\/agora.xtec.cat\/ietorrelles\/?p=1271"},"modified":"2023-05-22T20:37:07","modified_gmt":"2023-05-22T18:37:07","slug":"sortida-5e-i-6e-de-primaria-menja-actua-impacta","status":"publish","type":"post","link":"https:\/\/agora.xtec.cat\/ietorrelles\/eso-2\/sortida-5e-i-6e-de-primaria-menja-actua-impacta\/","title":{"rendered":"SORTIDA 5\u00e8 i 6\u00e8 de prim\u00e0ria &#8211; MENJA, ACTUA, IMPACTA"},"content":{"rendered":"<p>Avui la canalla de 5\u00e8 i 6\u00e8 ha pogut gaudir de dues activitats organitzades per la comissi\u00f3 de Medi Ambient de l&#8217;Institut Escola. La M\u00f2nica ens ha aconseguit les activitats de MENJANT MOL\u00c8CULES i l&#8217;exposici\u00f3 de Menja Actua Impacta.<br \/>\nLa veritat \u00e9s que ha estat\u00a0s\u00faper\u00a0impactant aprendre tot el que ens han pogut mostrar i demostrar a la seu de\u00a0<span class=\"hiddenSpellError\">Fundaesplai<\/span>.<br \/>\nTeniu fotografies penjades a les carpetes corresponents dels grups al DRIVE.<\/p>\n<p><a href=\"https:\/\/agora.xtec.cat\/ietorrelles\/wp-content\/uploads\/usu2293\/2023\/05\/IMG_3657-scaled.jpg\"><img loading=\"lazy\" decoding=\"async\" class=\"alignnone size-large wp-image-1272\" src=\"https:\/\/agora.xtec.cat\/ietorrelles\/wp-content\/uploads\/usu2293\/2023\/05\/IMG_3657-768x1024.jpg\" alt=\"\" width=\"768\" height=\"1024\" srcset=\"https:\/\/agora.xtec.cat\/ietorrelles\/wp-content\/uploads\/usu2293\/2023\/05\/IMG_3657-768x1024.jpg 768w, https:\/\/agora.xtec.cat\/ietorrelles\/wp-content\/uploads\/usu2293\/2023\/05\/IMG_3657-225x300.jpg 225w, https:\/\/agora.xtec.cat\/ietorrelles\/wp-content\/uploads\/usu2293\/2023\/05\/IMG_3657-1152x1536.jpg 1152w, https:\/\/agora.xtec.cat\/ietorrelles\/wp-content\/uploads\/usu2293\/2023\/05\/IMG_3657-1536x2048.jpg 1536w, https:\/\/agora.xtec.cat\/ietorrelles\/wp-content\/uploads\/usu2293\/2023\/05\/IMG_3657-scaled.jpg 1920w\" sizes=\"auto, (max-width: 768px) 100vw, 768px\" \/><\/a><\/p>\n<p>&nbsp;<\/p>\n","protected":false},"excerpt":{"rendered":"<p>Avui la canalla de 5\u00e8 i 6\u00e8 ha pogut gaudir de dues activitats organitzades per la comissi\u00f3 de Medi Ambient de l&#8217;Institut Escola. La M\u00f2nica ens ha aconseguit les activitats de MENJANT MOL\u00c8CULES i l&#8217;exposici\u00f3 de Menja Actua Impacta.<br \/>\nLa veritat \u00e9s que ha estat\u00a0s\u00faper\u00a0impactant aprendre&hellip;  <a href=\"https:\/\/agora.xtec.cat\/ietorrelles\/eso-2\/sortida-5e-i-6e-de-primaria-menja-actua-impacta\/\" title=\"Read SORTIDA 5\u00e8 i 6\u00e8 de prim\u00e0ria &#8211; MENJA, ACTUA, IMPACTA\">Llegeix m\u00e9s\u00bb<\/a><\/p>\n","protected":false},"author":68,"featured_media":1272,"comment_status":"open","ping_status":"closed","sticky":false,"template":"","format":"standard","meta":{"_bbp_topic_count":0,"_bbp_reply_count":0,"_bbp_total_topic_count":0,"_bbp_total_reply_count":0,"_bbp_voice_count":0,"_bbp_anonymous_reply_count":0,"_bbp_topic_count_hidden":0,"_bbp_reply_count_hidden":0,"_bbp_forum_subforum_count":0,"footnotes":""},"categories":[14,15,1,5],"tags":[],"class_list":["post-1271","post","type-post","status-publish","format-standard","has-post-thumbnail","hentry","category-5e","category-6e","category-eso-2","category-primaria"],"post_mailing_queue_ids":[],"_links":{"self":[{"href":"https:\/\/agora.xtec.cat\/ietorrelles\/wp-json\/wp\/v2\/posts\/1271","targetHints":{"allow":["GET"]}}],"collection":[{"href":"https:\/\/agora.xtec.cat\/ietorrelles\/wp-json\/wp\/v2\/posts"}],"about":[{"href":"https:\/\/agora.xtec.cat\/ietorrelles\/wp-json\/wp\/v2\/types\/post"}],"author":[{"embeddable":true,"href":"https:\/\/agora.xtec.cat\/ietorrelles\/wp-json\/wp\/v2\/users\/68"}],"replies":[{"embeddable":true,"href":"https:\/\/agora.xtec.cat\/ietorrelles\/wp-json\/wp\/v2\/comments?post=1271"}],"version-history":[{"count":1,"href":"https:\/\/agora.xtec.cat\/ietorrelles\/wp-json\/wp\/v2\/posts\/1271\/revisions"}],"predecessor-version":[{"id":1273,"href":"https:\/\/agora.xtec.cat\/ietorrelles\/wp-json\/wp\/v2\/posts\/1271\/revisions\/1273"}],"wp:featuredmedia":[{"embeddable":true,"href":"https:\/\/agora.xtec.cat\/ietorrelles\/wp-json\/wp\/v2\/media\/1272"}],"wp:attachment":[{"href":"https:\/\/agora.xtec.cat\/ietorrelles\/wp-json\/wp\/v2\/media?parent=1271"}],"wp:term":[{"taxonomy":"category","embeddable":true,"href":"https:\/\/agora.xtec.cat\/ietorrelles\/wp-json\/wp\/v2\/categories?post=1271"},{"taxonomy":"post_tag","embeddable":true,"href":"https:\/\/agora.xtec.cat\/ietorrelles\/wp-json\/wp\/v2\/tags?post=1271"}],"curies":[{"name":"wp","href":"https:\/\/api.w.org\/{rel}","templated":true}]}}