{"id":1264,"date":"2023-05-15T21:48:39","date_gmt":"2023-05-15T19:48:39","guid":{"rendered":"https:\/\/agora.xtec.cat\/ietorrelles\/?p=1264"},"modified":"2023-05-15T21:48:39","modified_gmt":"2023-05-15T19:48:39","slug":"xx-trobada-de-corals-deducacio-primaria-1r6e-de-primaria","status":"publish","type":"post","link":"https:\/\/agora.xtec.cat\/ietorrelles\/eso-2\/primaria\/xx-trobada-de-corals-deducacio-primaria-1r6e-de-primaria\/","title":{"rendered":"XX Trobada de Corals d&#8217;Educaci\u00f3 Prim\u00e0ria (1r&#038;6\u00e8 de prim\u00e0ria)"},"content":{"rendered":"<p>Espectacular concert de les nenes i els nens de 1r i 6\u00e8 de prim\u00e0ria a Can Massallera a Sant Boi. Hem cantat la can\u00e7\u00f3 de &#8220;Passejo pel m\u00f3n&#8221;, &#8220;Al Pa\u00eds Blanc&#8221;, &#8220;Lluna Bruna&#8221; i &#8220;<span class=\"hiddenSpellError\">Feli\u00e7orionak<\/span>&#8220;. Ens ho hem passat pipa cantant amb m\u00e9s de 350 nenes i nens de diferents escoles del Baix Llobregat tot potenciant i difonent l&#8217;educaci\u00f3 musical que treballem cada setmana.<br \/>\nTeniu m\u00e9s fotografies i v\u00eddeos a les carpetes del DRIVE!<\/p>\n<p><a href=\"https:\/\/agora.xtec.cat\/ietorrelles\/wp-content\/uploads\/usu2293\/2023\/05\/IMG_3428-1-scaled.jpg\"><img loading=\"lazy\" decoding=\"async\" class=\"alignnone size-large wp-image-1265\" src=\"https:\/\/agora.xtec.cat\/ietorrelles\/wp-content\/uploads\/usu2293\/2023\/05\/IMG_3428-1-1024x1024.jpg\" alt=\"\" width=\"1024\" height=\"1024\" srcset=\"https:\/\/agora.xtec.cat\/ietorrelles\/wp-content\/uploads\/usu2293\/2023\/05\/IMG_3428-1-1024x1024.jpg 1024w, https:\/\/agora.xtec.cat\/ietorrelles\/wp-content\/uploads\/usu2293\/2023\/05\/IMG_3428-1-300x300.jpg 300w, https:\/\/agora.xtec.cat\/ietorrelles\/wp-content\/uploads\/usu2293\/2023\/05\/IMG_3428-1-150x150.jpg 150w, https:\/\/agora.xtec.cat\/ietorrelles\/wp-content\/uploads\/usu2293\/2023\/05\/IMG_3428-1-768x768.jpg 768w, https:\/\/agora.xtec.cat\/ietorrelles\/wp-content\/uploads\/usu2293\/2023\/05\/IMG_3428-1-1536x1536.jpg 1536w, https:\/\/agora.xtec.cat\/ietorrelles\/wp-content\/uploads\/usu2293\/2023\/05\/IMG_3428-1-2048x2048.jpg 2048w\" sizes=\"auto, (max-width: 1024px) 100vw, 1024px\" \/><\/a><\/p>\n<p>&nbsp;<\/p>\n","protected":false},"excerpt":{"rendered":"<p>Espectacular concert de les nenes i els nens de 1r i 6\u00e8 de prim\u00e0ria a Can Massallera a Sant Boi. Hem cantat la can\u00e7\u00f3 de &#8220;Passejo pel m\u00f3n&#8221;, &#8220;Al Pa\u00eds Blanc&#8221;, &#8220;Lluna Bruna&#8221; i &#8220;Feli\u00e7orionak&#8220;. Ens ho hem passat pipa cantant amb m\u00e9s de 350&hellip;  <a href=\"https:\/\/agora.xtec.cat\/ietorrelles\/eso-2\/primaria\/xx-trobada-de-corals-deducacio-primaria-1r6e-de-primaria\/\" title=\"Read XX Trobada de Corals d&#8217;Educaci\u00f3 Prim\u00e0ria (1r&#038;6\u00e8 de prim\u00e0ria)\">Llegeix m\u00e9s\u00bb<\/a><\/p>\n","protected":false},"author":68,"featured_media":1265,"comment_status":"open","ping_status":"closed","sticky":false,"template":"","format":"standard","meta":{"_bbp_topic_count":0,"_bbp_reply_count":0,"_bbp_total_topic_count":0,"_bbp_total_reply_count":0,"_bbp_voice_count":0,"_bbp_anonymous_reply_count":0,"_bbp_topic_count_hidden":0,"_bbp_reply_count_hidden":0,"_bbp_forum_subforum_count":0,"footnotes":""},"categories":[10,15,5],"tags":[],"class_list":["post-1264","post","type-post","status-publish","format-standard","has-post-thumbnail","hentry","category-1r","category-6e","category-primaria"],"post_mailing_queue_ids":[],"_links":{"self":[{"href":"https:\/\/agora.xtec.cat\/ietorrelles\/wp-json\/wp\/v2\/posts\/1264","targetHints":{"allow":["GET"]}}],"collection":[{"href":"https:\/\/agora.xtec.cat\/ietorrelles\/wp-json\/wp\/v2\/posts"}],"about":[{"href":"https:\/\/agora.xtec.cat\/ietorrelles\/wp-json\/wp\/v2\/types\/post"}],"author":[{"embeddable":true,"href":"https:\/\/agora.xtec.cat\/ietorrelles\/wp-json\/wp\/v2\/users\/68"}],"replies":[{"embeddable":true,"href":"https:\/\/agora.xtec.cat\/ietorrelles\/wp-json\/wp\/v2\/comments?post=1264"}],"version-history":[{"count":1,"href":"https:\/\/agora.xtec.cat\/ietorrelles\/wp-json\/wp\/v2\/posts\/1264\/revisions"}],"predecessor-version":[{"id":1266,"href":"https:\/\/agora.xtec.cat\/ietorrelles\/wp-json\/wp\/v2\/posts\/1264\/revisions\/1266"}],"wp:featuredmedia":[{"embeddable":true,"href":"https:\/\/agora.xtec.cat\/ietorrelles\/wp-json\/wp\/v2\/media\/1265"}],"wp:attachment":[{"href":"https:\/\/agora.xtec.cat\/ietorrelles\/wp-json\/wp\/v2\/media?parent=1264"}],"wp:term":[{"taxonomy":"category","embeddable":true,"href":"https:\/\/agora.xtec.cat\/ietorrelles\/wp-json\/wp\/v2\/categories?post=1264"},{"taxonomy":"post_tag","embeddable":true,"href":"https:\/\/agora.xtec.cat\/ietorrelles\/wp-json\/wp\/v2\/tags?post=1264"}],"curies":[{"name":"wp","href":"https:\/\/api.w.org\/{rel}","templated":true}]}}