{"id":1258,"date":"2023-05-11T15:51:21","date_gmt":"2023-05-11T13:51:21","guid":{"rendered":"https:\/\/agora.xtec.cat\/ietorrelles\/?p=1258"},"modified":"2023-05-11T15:54:55","modified_gmt":"2023-05-11T13:54:55","slug":"celebrats-els-premis-literaris-de-sant-jordi-2023","status":"publish","type":"post","link":"https:\/\/agora.xtec.cat\/ietorrelles\/eso-2\/celebrats-els-premis-literaris-de-sant-jordi-2023\/","title":{"rendered":"Celebrats els Premis Literaris de Sant Jordi 2023"},"content":{"rendered":"<p>El passat m\u00e9s d&#8217;abril la Comunitat de Joves va celebrar el certamen dels Jocs Florals, on es van premiar les millors obres liter\u00e0ries en llengua catalana, castellana, angl\u00e8s aix\u00ed com les creacions art\u00edstiques de visual i pl\u00e0stica. El tema del concurs d&#8217;enguany va ser<strong> l&#8217;Autoestima; estimar-se a un mateix i l&#8217;autoconcepte.<\/strong><\/p>\n<p>Un jurat, format per professors de secund\u00e0ria, va escollir an\u00f2nimament les obres presentades. Tot l&#8217;alumnat tenia l&#8217;opci\u00f3 de presentar-se i realitzar un g\u00e8nere textual diferent; des de haikus a faules, passant per poesies visuals o auques.<\/p>\n<p>Aquests han estat els alumnes guanyadors.<\/p>\n<p><strong>PREMIS<\/strong><br \/>\n<strong>1r d&#8217;ESO<\/strong><br \/>\nAngl\u00e8s- Poema: Una Idhunita- In\u00e9s P\u00e9rez<br \/>\nCastell\u00e0 &#8211; Acr\u00f2stic &#8211; Eric Montilla<br \/>\nCatal\u00e0 &#8211; Conte &#8211; Dipsy. J &#8211; Emily Jim\u00e9nez<\/p>\n<p><strong>2n d&#8217;ESO<\/strong><br \/>\nAngl\u00e8s- Poema Red Candle- Clara Girona<br \/>\nCastell\u00e0 &#8211; Haiku Pepino &#8211; Xavi Sierra<br \/>\nCatal\u00e0 &#8211; La Faula del ping\u00fc\u00ed &#8211; J\u00falia-Katherine Maas<\/p>\n<p><strong>3r d&#8217;ESO<\/strong><br \/>\nAngl\u00e8s- Short Story<br \/>\nLustabo &#8211; Luc\u00eda Montoro<br \/>\nCastell\u00e0- Microrelat<br \/>\nLoveless- Laia Britt<br \/>\nCatal\u00e0- Poesia Visual \u00c0lex Miranda<\/p>\n<p><strong>4t d&#8217;ESO<\/strong><br \/>\nAngl\u00e8s &#8211; Short Story Macabra &#8211; Mart\u00ed Maas<br \/>\nCatal\u00e0- Auca Cl\u00e0udia Ortega Area i J\u00falia Rodr\u00edguez<br \/>\nCastell\u00e0- Can\u00e7\u00f3. M\u00f2nica Albarr\u00e1n<\/p>\n<p>Molts felicitats a tots els guanyadors i guanyadores!<\/p>\n<p>Podeu consultar les fotografies de les activitats a trav\u00e9s de l&#8217;enlla\u00e7 del Google Drive.<\/p>\n<p><a href=\"https:\/\/agora.xtec.cat\/ietorrelles\/wp-content\/uploads\/usu2293\/2023\/05\/PXL_20230421_083725600.jpg\"><img loading=\"lazy\" decoding=\"async\" class=\"alignnone size-large wp-image-1260\" src=\"https:\/\/agora.xtec.cat\/ietorrelles\/wp-content\/uploads\/usu2293\/2023\/05\/PXL_20230421_083725600-768x1024.jpg\" alt=\"\" width=\"768\" height=\"1024\" srcset=\"https:\/\/agora.xtec.cat\/ietorrelles\/wp-content\/uploads\/usu2293\/2023\/05\/PXL_20230421_083725600-768x1024.jpg 768w, https:\/\/agora.xtec.cat\/ietorrelles\/wp-content\/uploads\/usu2293\/2023\/05\/PXL_20230421_083725600-225x300.jpg 225w, https:\/\/agora.xtec.cat\/ietorrelles\/wp-content\/uploads\/usu2293\/2023\/05\/PXL_20230421_083725600-1152x1536.jpg 1152w, https:\/\/agora.xtec.cat\/ietorrelles\/wp-content\/uploads\/usu2293\/2023\/05\/PXL_20230421_083725600-1536x2048.jpg 1536w, https:\/\/agora.xtec.cat\/ietorrelles\/wp-content\/uploads\/usu2293\/2023\/05\/PXL_20230421_083725600.jpg 1920w\" sizes=\"auto, (max-width: 768px) 100vw, 768px\" \/><\/a><\/p>\n","protected":false},"excerpt":{"rendered":"<p>El passat m\u00e9s d&#8217;abril la Comunitat de Joves va celebrar el certamen dels Jocs Florals, on es van premiar les millors obres liter\u00e0ries en llengua catalana, castellana, angl\u00e8s aix\u00ed com les creacions art\u00edstiques de visual i pl\u00e0stica. El tema del concurs d&#8217;enguany va ser l&#8217;Autoestima;&hellip;  <a href=\"https:\/\/agora.xtec.cat\/ietorrelles\/eso-2\/celebrats-els-premis-literaris-de-sant-jordi-2023\/\" title=\"Read Celebrats els Premis Literaris de Sant Jordi 2023\">Llegeix m\u00e9s\u00bb<\/a><\/p>\n","protected":false},"author":5,"featured_media":1259,"comment_status":"open","ping_status":"closed","sticky":false,"template":"","format":"standard","meta":{"_bbp_topic_count":0,"_bbp_reply_count":0,"_bbp_total_topic_count":0,"_bbp_total_reply_count":0,"_bbp_voice_count":0,"_bbp_anonymous_reply_count":0,"_bbp_topic_count_hidden":0,"_bbp_reply_count_hidden":0,"_bbp_forum_subforum_count":0,"footnotes":""},"categories":[63,64,65,66,1],"tags":[132,133,129],"class_list":["post-1258","post","type-post","status-publish","format-standard","has-post-thumbnail","hentry","category-1r-deso","category-2n-deso","category-3r-deso","category-4t-deso","category-eso-2","tag-certamen","tag-literari","tag-sant-jordi"],"post_mailing_queue_ids":[],"_links":{"self":[{"href":"https:\/\/agora.xtec.cat\/ietorrelles\/wp-json\/wp\/v2\/posts\/1258","targetHints":{"allow":["GET"]}}],"collection":[{"href":"https:\/\/agora.xtec.cat\/ietorrelles\/wp-json\/wp\/v2\/posts"}],"about":[{"href":"https:\/\/agora.xtec.cat\/ietorrelles\/wp-json\/wp\/v2\/types\/post"}],"author":[{"embeddable":true,"href":"https:\/\/agora.xtec.cat\/ietorrelles\/wp-json\/wp\/v2\/users\/5"}],"replies":[{"embeddable":true,"href":"https:\/\/agora.xtec.cat\/ietorrelles\/wp-json\/wp\/v2\/comments?post=1258"}],"version-history":[{"count":2,"href":"https:\/\/agora.xtec.cat\/ietorrelles\/wp-json\/wp\/v2\/posts\/1258\/revisions"}],"predecessor-version":[{"id":1262,"href":"https:\/\/agora.xtec.cat\/ietorrelles\/wp-json\/wp\/v2\/posts\/1258\/revisions\/1262"}],"wp:featuredmedia":[{"embeddable":true,"href":"https:\/\/agora.xtec.cat\/ietorrelles\/wp-json\/wp\/v2\/media\/1259"}],"wp:attachment":[{"href":"https:\/\/agora.xtec.cat\/ietorrelles\/wp-json\/wp\/v2\/media?parent=1258"}],"wp:term":[{"taxonomy":"category","embeddable":true,"href":"https:\/\/agora.xtec.cat\/ietorrelles\/wp-json\/wp\/v2\/categories?post=1258"},{"taxonomy":"post_tag","embeddable":true,"href":"https:\/\/agora.xtec.cat\/ietorrelles\/wp-json\/wp\/v2\/tags?post=1258"}],"curies":[{"name":"wp","href":"https:\/\/api.w.org\/{rel}","templated":true}]}}