{"id":1254,"date":"2023-05-11T10:33:57","date_gmt":"2023-05-11T08:33:57","guid":{"rendered":"https:\/\/agora.xtec.cat\/ietorrelles\/?p=1254"},"modified":"2023-05-11T10:33:57","modified_gmt":"2023-05-11T08:33:57","slug":"i-setmana-de-la-sostenibilitat-de-lie","status":"publish","type":"post","link":"https:\/\/agora.xtec.cat\/ietorrelles\/eso-2\/i-setmana-de-la-sostenibilitat-de-lie\/","title":{"rendered":"I Setmana de la Sostenibilitat de l&#8217;IE"},"content":{"rendered":"<p>Hola fam\u00edlies!<\/p>\n<p>La setmana passada va tenir lloc la I Setmana de la Sostenibilitat del nostre IE. El tema ha estat la reducci\u00f3 de residus, amb el lema &#8216;<strong>Perqu\u00e8 no \u00e9s la meva brossa, per\u00f2 s\u00ed \u00e9s el meu planeta!<\/strong>&#8216;. L&#8217;alumnat de tots els nivells ha participat amb il\u00b7lusi\u00f3 en <strong>tallers<\/strong>, visualitzaci\u00f3 de <strong>v\u00eddeos<\/strong> i lectura de <strong>not\u00edcies<\/strong>, tot per crear un debat i una sensibilitzaci\u00f3 sobre el tema.<\/p>\n<p>En concret, a la comunitat de petits han parlat sobre els residus org\u00e0nics i com <strong>compostar<\/strong>, a mitjans han parlat sobre els tipus de residus i com <strong>reduir<\/strong>-los, i a grans i joves han reflexionat sobre la relaci\u00f3 entre l&#8217;acci\u00f3 humana i el <strong>canvi clim\u00e0tic<\/strong>. A m\u00e9s a final de mes, alguns grups del mitjans, grans i joves faran una visita a l&#8217;exposici\u00f3 Menja, actua, impacta. S&#8217;han instal\u00b7lat dues <strong>exposicions<\/strong> temporals, una al vest\u00edbul de cada edifici, que encara estaran fins divendres, sobre els efectes del canvi clim\u00e0tic i quines mesures tenen l&#8217;alumnat i les fam\u00edlies al seu abast per combatre&#8217;l.<\/p>\n<p>Durant la setmana l&#8217;alumnat de prim\u00e0ria i secund\u00e0ria ha realitzat un taller de <strong>plogging<\/strong> a les hores d&#8217;educaci\u00f3 f\u00edsica. Es tracta d&#8217;un esport que normalitza c\u00f2rrer per la natura mentre es recullen residus. L&#8217;alumnat de l&#8217;edifici verd va recollir 8,5kg nom\u00e9s entre el pati i l&#8217;hort!<\/p>\n<p>El dimecres, l&#8217;alumnat de 3r de prim\u00e0ria va recollir la brossa de tot l&#8217;edifici per mesurar quina quantitat de residus es generen en un sol dia. La quantitat tamb\u00e9 va ser sorprenent: 6 kg nom\u00e9s al mat\u00ed. En unes setmanes tornaran a fer la prova, i esperem que despr\u00e9s de tota aquesta sensibilitzaci\u00f3 la quantitat sigui molt menor.<\/p>\n<p>Divendres tot l&#8217;IE es va moure per millorar l&#8217;estat del medi natural al voltant dels dos edificis. Tenim la sort d&#8217;estar envoltats de natura, i ens agrada que estigui neta per poder passejar, jugar i observar-la sense deixalles. A m\u00e9s, es va establir un vincle molt bonic entre alumnat, mestres i fam\u00edlies volunt\u00e0ries. La <strong>recollida de deixalles<\/strong> estava emmarcada en l&#8217;acci\u00f3 del Let&#8217;s clean up Europe d&#8217;enguany, que concretament a Torrelles ja fa 7 anys que es realitza. Petits es van encarregar del <strong>parc<\/strong> de Can Coll. Mitjans van tenir cura de la <strong>riera<\/strong> i la <strong>font<\/strong> de Can Coll. Grans i joves van recollir una quantitat ingent de residus que es trobaven al <strong>bosc<\/strong> i als camins de darrera de l&#8217;edifici groc, aix\u00ed com del cam\u00ed des del poble. En total es van recollir m\u00e9s de 25kg, i \u00e9s que, entre d&#8217;altres, es van trobar un extintor, cadires de pl\u00e0stic, i un pneum\u00e0tic.<\/p>\n<p><a href=\"https:\/\/agora.xtec.cat\/ietorrelles\/wp-content\/uploads\/usu2293\/2023\/05\/lcue23.jpg\"><img loading=\"lazy\" decoding=\"async\" class=\"size-full wp-image-1256 aligncenter\" src=\"https:\/\/agora.xtec.cat\/ietorrelles\/wp-content\/uploads\/usu2293\/2023\/05\/lcue23.jpg\" alt=\"\" width=\"306\" height=\"164\" srcset=\"https:\/\/agora.xtec.cat\/ietorrelles\/wp-content\/uploads\/usu2293\/2023\/05\/lcue23.jpg 306w, https:\/\/agora.xtec.cat\/ietorrelles\/wp-content\/uploads\/usu2293\/2023\/05\/lcue23-300x161.jpg 300w\" sizes=\"auto, (max-width: 306px) 100vw, 306px\" \/><\/a>A m\u00e9s, divendres es va posar un \u00e8mfasi especial en remarcar els <strong>esmorzars residu zero<\/strong>, una mesura que t\u00e9 un gran impacte i \u00e9s un h\u00e0bit relativament f\u00e0cil de canviar. Intentem evitar pl\u00e0stics d&#8217;un sol \u00fas, aix\u00ed com l&#8217;\u00fas de paper de plata, i promovem l&#8217;\u00fas de <strong>carmanyoles<\/strong> o <strong>portaentrepans, tovallons de tela<\/strong> i ampolles reutilitzables.<\/p>\n<p>Totes aquestes accions han tingut protagonisme durant una setmana, per\u00f2 esperem que la societat en tingui consci\u00e8ncia, i intenti canviar els h\u00e0bits que pugui el m\u00e9s aviat millor.<\/p>\n","protected":false},"excerpt":{"rendered":"<p>Hola fam\u00edlies!<br \/>\nLa setmana passada va tenir lloc la I Setmana de la Sostenibilitat del nostre IE. El tema ha estat la reducci\u00f3 de residus, amb el lema &#8216;Perqu\u00e8 no \u00e9s la meva brossa, per\u00f2 s\u00ed \u00e9s el meu planeta!&#8216;. L&#8217;alumnat de tots els nivells ha&hellip;  <a href=\"https:\/\/agora.xtec.cat\/ietorrelles\/eso-2\/i-setmana-de-la-sostenibilitat-de-lie\/\" title=\"Read I Setmana de la Sostenibilitat de l&#8217;IE\">Llegeix m\u00e9s\u00bb<\/a><\/p>\n","protected":false},"author":1,"featured_media":1256,"comment_status":"open","ping_status":"closed","sticky":false,"template":"","format":"standard","meta":{"_bbp_topic_count":0,"_bbp_reply_count":0,"_bbp_total_topic_count":0,"_bbp_total_reply_count":0,"_bbp_voice_count":0,"_bbp_anonymous_reply_count":0,"_bbp_topic_count_hidden":0,"_bbp_reply_count_hidden":0,"_bbp_forum_subforum_count":0,"footnotes":""},"categories":[10,63,11,64,12,65,13,66,14,15,1,3,8,9,2,5],"tags":[],"class_list":["post-1254","post","type-post","status-publish","format-standard","has-post-thumbnail","hentry","category-1r","category-1r-deso","category-2n","category-2n-deso","category-3r","category-3r-deso","category-4t","category-4t-deso","category-5e","category-6e","category-eso-2","category-i3","category-i4","category-i5","category-infantil","category-primaria"],"post_mailing_queue_ids":[],"_links":{"self":[{"href":"https:\/\/agora.xtec.cat\/ietorrelles\/wp-json\/wp\/v2\/posts\/1254","targetHints":{"allow":["GET"]}}],"collection":[{"href":"https:\/\/agora.xtec.cat\/ietorrelles\/wp-json\/wp\/v2\/posts"}],"about":[{"href":"https:\/\/agora.xtec.cat\/ietorrelles\/wp-json\/wp\/v2\/types\/post"}],"author":[{"embeddable":true,"href":"https:\/\/agora.xtec.cat\/ietorrelles\/wp-json\/wp\/v2\/users\/1"}],"replies":[{"embeddable":true,"href":"https:\/\/agora.xtec.cat\/ietorrelles\/wp-json\/wp\/v2\/comments?post=1254"}],"version-history":[{"count":2,"href":"https:\/\/agora.xtec.cat\/ietorrelles\/wp-json\/wp\/v2\/posts\/1254\/revisions"}],"predecessor-version":[{"id":1257,"href":"https:\/\/agora.xtec.cat\/ietorrelles\/wp-json\/wp\/v2\/posts\/1254\/revisions\/1257"}],"wp:featuredmedia":[{"embeddable":true,"href":"https:\/\/agora.xtec.cat\/ietorrelles\/wp-json\/wp\/v2\/media\/1256"}],"wp:attachment":[{"href":"https:\/\/agora.xtec.cat\/ietorrelles\/wp-json\/wp\/v2\/media?parent=1254"}],"wp:term":[{"taxonomy":"category","embeddable":true,"href":"https:\/\/agora.xtec.cat\/ietorrelles\/wp-json\/wp\/v2\/categories?post=1254"},{"taxonomy":"post_tag","embeddable":true,"href":"https:\/\/agora.xtec.cat\/ietorrelles\/wp-json\/wp\/v2\/tags?post=1254"}],"curies":[{"name":"wp","href":"https:\/\/api.w.org\/{rel}","templated":true}]}}