{"id":1249,"date":"2023-05-09T11:01:47","date_gmt":"2023-05-09T09:01:47","guid":{"rendered":"https:\/\/agora.xtec.cat\/ietorrelles\/?p=1249"},"modified":"2023-05-18T17:45:22","modified_gmt":"2023-05-18T15:45:22","slug":"estem-de-colonies-5e-de-primaria","status":"publish","type":"post","link":"https:\/\/agora.xtec.cat\/ietorrelles\/eso-2\/primaria\/estem-de-colonies-5e-de-primaria\/","title":{"rendered":"ESTEM DE COL\u00d2NIES (4t de prim\u00e0ria)"},"content":{"rendered":"<p>4t de prim\u00e0ria estem de col\u00f2nies a can\u00a0<span class=\"hiddenSpellError\">Vandrell<\/span>. Est\u00e0 sent espectacular!<br \/>\nLes nenes i nens estem gaudint de tres dies de conviv\u00e8ncia fent activitats ludicoesportives; menjant juntes; compartint habitacions; diferents xerrades; moltes din\u00e0miques fetes per l&#8217;equip de monitores;\u00a0 gaudint de les nostres mestres i companys&#8230;<br \/>\nUs hem penjat una carpeta al Drive i l&#8217;anem actualitzant a poc a poc, no hi ha gaire cobertura!<\/p>\n<p><a href=\"https:\/\/agora.xtec.cat\/ietorrelles\/wp-content\/uploads\/usu2293\/2023\/05\/IMG_7503-min-scaled.jpg\"><img loading=\"lazy\" decoding=\"async\" class=\"alignnone size-large wp-image-1250\" src=\"https:\/\/agora.xtec.cat\/ietorrelles\/wp-content\/uploads\/usu2293\/2023\/05\/IMG_7503-min-1024x768.jpg\" alt=\"\" width=\"1024\" height=\"768\" srcset=\"https:\/\/agora.xtec.cat\/ietorrelles\/wp-content\/uploads\/usu2293\/2023\/05\/IMG_7503-min-1024x768.jpg 1024w, https:\/\/agora.xtec.cat\/ietorrelles\/wp-content\/uploads\/usu2293\/2023\/05\/IMG_7503-min-300x225.jpg 300w, https:\/\/agora.xtec.cat\/ietorrelles\/wp-content\/uploads\/usu2293\/2023\/05\/IMG_7503-min-768x576.jpg 768w, https:\/\/agora.xtec.cat\/ietorrelles\/wp-content\/uploads\/usu2293\/2023\/05\/IMG_7503-min-1536x1152.jpg 1536w, https:\/\/agora.xtec.cat\/ietorrelles\/wp-content\/uploads\/usu2293\/2023\/05\/IMG_7503-min-2048x1536.jpg 2048w, https:\/\/agora.xtec.cat\/ietorrelles\/wp-content\/uploads\/usu2293\/2023\/05\/IMG_7503-min-200x150.jpg 200w\" sizes=\"auto, (max-width: 1024px) 100vw, 1024px\" \/><\/a><\/p>\n<p>&nbsp;<\/p>\n","protected":false},"excerpt":{"rendered":"<p>4t de prim\u00e0ria estem de col\u00f2nies a can\u00a0Vandrell. Est\u00e0 sent espectacular!<br \/>\nLes nenes i nens estem gaudint de tres dies de conviv\u00e8ncia fent activitats ludicoesportives; menjant juntes; compartint habitacions; diferents xerrades; moltes din\u00e0miques fetes per l&#8217;equip de monitores;\u00a0 gaudint de les nostres mestres i companys&#8230;<br \/>\nUs hem&hellip;  <a href=\"https:\/\/agora.xtec.cat\/ietorrelles\/eso-2\/primaria\/estem-de-colonies-5e-de-primaria\/\" title=\"Read ESTEM DE COL\u00d2NIES (4t de prim\u00e0ria)\">Llegeix m\u00e9s\u00bb<\/a><\/p>\n","protected":false},"author":68,"featured_media":1250,"comment_status":"open","ping_status":"closed","sticky":false,"template":"","format":"standard","meta":{"_bbp_topic_count":0,"_bbp_reply_count":0,"_bbp_total_topic_count":0,"_bbp_total_reply_count":0,"_bbp_voice_count":0,"_bbp_anonymous_reply_count":0,"_bbp_topic_count_hidden":0,"_bbp_reply_count_hidden":0,"_bbp_forum_subforum_count":0,"footnotes":""},"categories":[13,5],"tags":[],"class_list":["post-1249","post","type-post","status-publish","format-standard","has-post-thumbnail","hentry","category-4t","category-primaria"],"post_mailing_queue_ids":[],"_links":{"self":[{"href":"https:\/\/agora.xtec.cat\/ietorrelles\/wp-json\/wp\/v2\/posts\/1249","targetHints":{"allow":["GET"]}}],"collection":[{"href":"https:\/\/agora.xtec.cat\/ietorrelles\/wp-json\/wp\/v2\/posts"}],"about":[{"href":"https:\/\/agora.xtec.cat\/ietorrelles\/wp-json\/wp\/v2\/types\/post"}],"author":[{"embeddable":true,"href":"https:\/\/agora.xtec.cat\/ietorrelles\/wp-json\/wp\/v2\/users\/68"}],"replies":[{"embeddable":true,"href":"https:\/\/agora.xtec.cat\/ietorrelles\/wp-json\/wp\/v2\/comments?post=1249"}],"version-history":[{"count":3,"href":"https:\/\/agora.xtec.cat\/ietorrelles\/wp-json\/wp\/v2\/posts\/1249\/revisions"}],"predecessor-version":[{"id":1253,"href":"https:\/\/agora.xtec.cat\/ietorrelles\/wp-json\/wp\/v2\/posts\/1249\/revisions\/1253"}],"wp:featuredmedia":[{"embeddable":true,"href":"https:\/\/agora.xtec.cat\/ietorrelles\/wp-json\/wp\/v2\/media\/1250"}],"wp:attachment":[{"href":"https:\/\/agora.xtec.cat\/ietorrelles\/wp-json\/wp\/v2\/media?parent=1249"}],"wp:term":[{"taxonomy":"category","embeddable":true,"href":"https:\/\/agora.xtec.cat\/ietorrelles\/wp-json\/wp\/v2\/categories?post=1249"},{"taxonomy":"post_tag","embeddable":true,"href":"https:\/\/agora.xtec.cat\/ietorrelles\/wp-json\/wp\/v2\/tags?post=1249"}],"curies":[{"name":"wp","href":"https:\/\/api.w.org\/{rel}","templated":true}]}}