{"id":1246,"date":"2023-05-09T10:03:44","date_gmt":"2023-05-09T08:03:44","guid":{"rendered":"https:\/\/agora.xtec.cat\/ietorrelles\/?p=1246"},"modified":"2023-05-09T10:03:44","modified_gmt":"2023-05-09T08:03:44","slug":"visita-malang-from-fandema-primariaeso","status":"publish","type":"post","link":"https:\/\/agora.xtec.cat\/ietorrelles\/eso-2\/visita-malang-from-fandema-primariaeso\/","title":{"rendered":"VISITA MALANG FROM FANDEMA (Prim\u00e0ria&#038;ESO)"},"content":{"rendered":"<p>Ahir, en Malang\u00a0<span class=\"hiddenSpellError\">Sambou<\/span>, ens va tornar a visitar per coordinar el projecte de\u00a0<span class=\"hiddenSpellError\">Fandema<\/span>\u00a0que portem a terme al nostre Institut Escola. L&#8217;alumnat de l&#8217;ESO va ser l&#8217;encarregat de fer-li una entrevista per a la nostra revista &#8220;OH\u00a0<span class=\"hiddenGrammarError\">LA LA<\/span>\u00a0<span class=\"hiddenSpellError\">Fanzine<\/span>&#8221; que fan a la mat\u00e8ria optativa de Servei Comunitari. A m\u00e9s a\u00a0m\u00e9s,\u00a0ha pogut veure de primera m\u00e0 els v\u00eddeos que estan fent l&#8217;alumnat de 1r d&#8217;ESO en el que han creat presentacions digitals i\u00a0<span class=\"hiddenSpellError\">videos<\/span> sobre com el temps afecta el nostre estil de vida i els quals respondran les alumnes de <span class=\"hiddenSpellError\">Women<\/span>\u00a0<span class=\"hiddenSpellError\">Development<\/span>\u00a0de\u00a0<span class=\"hiddenSpellError\">Fandema<\/span>. Per acabar ha vingut a visitar l&#8217;alumnat de 6\u00e8 per veure com havien anat les proves de compet\u00e8ncies b\u00e0siques i poder explicar-nos tots els idiomes que parla el nostre nou company de 6\u00e8!<\/p>\n<p><a href=\"https:\/\/agora.xtec.cat\/ietorrelles\/wp-content\/uploads\/usu2293\/2023\/05\/WhatsApp-Image-2023-05-08-at-11.58.12.jpeg\"><img loading=\"lazy\" decoding=\"async\" class=\"alignnone size-large wp-image-1247\" src=\"https:\/\/agora.xtec.cat\/ietorrelles\/wp-content\/uploads\/usu2293\/2023\/05\/WhatsApp-Image-2023-05-08-at-11.58.12-1024x768.jpeg\" alt=\"\" width=\"1024\" height=\"768\" srcset=\"https:\/\/agora.xtec.cat\/ietorrelles\/wp-content\/uploads\/usu2293\/2023\/05\/WhatsApp-Image-2023-05-08-at-11.58.12-1024x768.jpeg 1024w, https:\/\/agora.xtec.cat\/ietorrelles\/wp-content\/uploads\/usu2293\/2023\/05\/WhatsApp-Image-2023-05-08-at-11.58.12-300x225.jpeg 300w, https:\/\/agora.xtec.cat\/ietorrelles\/wp-content\/uploads\/usu2293\/2023\/05\/WhatsApp-Image-2023-05-08-at-11.58.12-768x576.jpeg 768w, https:\/\/agora.xtec.cat\/ietorrelles\/wp-content\/uploads\/usu2293\/2023\/05\/WhatsApp-Image-2023-05-08-at-11.58.12-1536x1152.jpeg 1536w, https:\/\/agora.xtec.cat\/ietorrelles\/wp-content\/uploads\/usu2293\/2023\/05\/WhatsApp-Image-2023-05-08-at-11.58.12-200x150.jpeg 200w, https:\/\/agora.xtec.cat\/ietorrelles\/wp-content\/uploads\/usu2293\/2023\/05\/WhatsApp-Image-2023-05-08-at-11.58.12.jpeg 2048w\" sizes=\"auto, (max-width: 1024px) 100vw, 1024px\" \/><\/a><\/p>\n","protected":false},"excerpt":{"rendered":"<p>Ahir, en Malang\u00a0Sambou, ens va tornar a visitar per coordinar el projecte de\u00a0Fandema\u00a0que portem a terme al nostre Institut Escola. L&#8217;alumnat de l&#8217;ESO va ser l&#8217;encarregat de fer-li una entrevista per a la nostra revista &#8220;OH\u00a0LA LA\u00a0Fanzine&#8221; que fan a la mat\u00e8ria optativa de Servei&hellip;  <a href=\"https:\/\/agora.xtec.cat\/ietorrelles\/eso-2\/visita-malang-from-fandema-primariaeso\/\" title=\"Read VISITA MALANG FROM FANDEMA (Prim\u00e0ria&#038;ESO)\">Llegeix m\u00e9s\u00bb<\/a><\/p>\n","protected":false},"author":68,"featured_media":1247,"comment_status":"open","ping_status":"closed","sticky":false,"template":"","format":"standard","meta":{"_bbp_topic_count":0,"_bbp_reply_count":0,"_bbp_total_topic_count":0,"_bbp_total_reply_count":0,"_bbp_voice_count":0,"_bbp_anonymous_reply_count":0,"_bbp_topic_count_hidden":0,"_bbp_reply_count_hidden":0,"_bbp_forum_subforum_count":0,"footnotes":""},"categories":[10,63,11,64,12,65,13,66,14,15,1,3,8,9,2,5,119],"tags":[],"class_list":["post-1246","post","type-post","status-publish","format-standard","has-post-thumbnail","hentry","category-1r","category-1r-deso","category-2n","category-2n-deso","category-3r","category-3r-deso","category-4t","category-4t-deso","category-5e","category-6e","category-eso-2","category-i3","category-i4","category-i5","category-infantil","category-primaria","category-revista"],"post_mailing_queue_ids":[],"_links":{"self":[{"href":"https:\/\/agora.xtec.cat\/ietorrelles\/wp-json\/wp\/v2\/posts\/1246","targetHints":{"allow":["GET"]}}],"collection":[{"href":"https:\/\/agora.xtec.cat\/ietorrelles\/wp-json\/wp\/v2\/posts"}],"about":[{"href":"https:\/\/agora.xtec.cat\/ietorrelles\/wp-json\/wp\/v2\/types\/post"}],"author":[{"embeddable":true,"href":"https:\/\/agora.xtec.cat\/ietorrelles\/wp-json\/wp\/v2\/users\/68"}],"replies":[{"embeddable":true,"href":"https:\/\/agora.xtec.cat\/ietorrelles\/wp-json\/wp\/v2\/comments?post=1246"}],"version-history":[{"count":1,"href":"https:\/\/agora.xtec.cat\/ietorrelles\/wp-json\/wp\/v2\/posts\/1246\/revisions"}],"predecessor-version":[{"id":1248,"href":"https:\/\/agora.xtec.cat\/ietorrelles\/wp-json\/wp\/v2\/posts\/1246\/revisions\/1248"}],"wp:featuredmedia":[{"embeddable":true,"href":"https:\/\/agora.xtec.cat\/ietorrelles\/wp-json\/wp\/v2\/media\/1247"}],"wp:attachment":[{"href":"https:\/\/agora.xtec.cat\/ietorrelles\/wp-json\/wp\/v2\/media?parent=1246"}],"wp:term":[{"taxonomy":"category","embeddable":true,"href":"https:\/\/agora.xtec.cat\/ietorrelles\/wp-json\/wp\/v2\/categories?post=1246"},{"taxonomy":"post_tag","embeddable":true,"href":"https:\/\/agora.xtec.cat\/ietorrelles\/wp-json\/wp\/v2\/tags?post=1246"}],"curies":[{"name":"wp","href":"https:\/\/api.w.org\/{rel}","templated":true}]}}