{"id":1243,"date":"2023-05-09T09:52:18","date_gmt":"2023-05-09T07:52:18","guid":{"rendered":"https:\/\/agora.xtec.cat\/ietorrelles\/?p=1243"},"modified":"2023-05-09T09:52:18","modified_gmt":"2023-05-09T07:52:18","slug":"entrega-diplomes-proves-cangur-5e-i-6e-de-primaria","status":"publish","type":"post","link":"https:\/\/agora.xtec.cat\/ietorrelles\/eso-2\/primaria\/entrega-diplomes-proves-cangur-5e-i-6e-de-primaria\/","title":{"rendered":"ENTREGA DIPLOMES PROVES CANGUR (5\u00e8 i 6\u00e8 de prim\u00e0ria)"},"content":{"rendered":"<p>Ahir, les mestres responsables de matem\u00e0tiques de 5\u00e8 i 6\u00e8 ens van fer entrega dels diplomes de participaci\u00f3 de les proves cangur. Les proves Cangur\u00a0<span class=\"hiddenGrammarError\" style=\"padding-bottom: 2px; background-image: url('..\/..\/..\/..\/..\/images\/squiggle.png'); background-repeat: repeat-x; background-position: left bottom; cursor: default; color: #000000; font-family: 'Open Sans', Helvetica, Arial, sans-serif; font-size: 16px; font-style: normal; font-variant-ligatures: normal; font-variant-caps: normal; font-weight: 300; letter-spacing: normal; orphans: 2; text-align: start; text-indent: 0px; text-transform: none; white-space: normal; widows: 2; word-spacing: 0px; -webkit-text-stroke-width: 0px; text-decoration-thickness: initial; text-decoration-style: initial; text-decoration-color: initial;\">\u00e9s<\/span> una competici\u00f3 preuniversit\u00e0ria de matem\u00e0tiques que s&#8217;organitza en m\u00e9s de 30 pa\u00efsos, amb l&#8217;objectiu d&#8217;acostar les matem\u00e0tiques als m\u00e9s joves i intentar despertar el seu inter\u00e8s a trav\u00e9s dels problemes.<\/p>\n<p>Teniu m\u00e9s imatges penjades a les carpetes del DRIVE. <a href=\"https:\/\/agora.xtec.cat\/ietorrelles\/wp-content\/uploads\/usu2293\/2023\/05\/IMG_3099-min-scaled.jpeg\"><img loading=\"lazy\" decoding=\"async\" class=\"alignnone size-large wp-image-1244\" src=\"https:\/\/agora.xtec.cat\/ietorrelles\/wp-content\/uploads\/usu2293\/2023\/05\/IMG_3099-min-1024x768.jpeg\" alt=\"\" width=\"1024\" height=\"768\" srcset=\"https:\/\/agora.xtec.cat\/ietorrelles\/wp-content\/uploads\/usu2293\/2023\/05\/IMG_3099-min-1024x768.jpeg 1024w, https:\/\/agora.xtec.cat\/ietorrelles\/wp-content\/uploads\/usu2293\/2023\/05\/IMG_3099-min-300x225.jpeg 300w, https:\/\/agora.xtec.cat\/ietorrelles\/wp-content\/uploads\/usu2293\/2023\/05\/IMG_3099-min-768x576.jpeg 768w, https:\/\/agora.xtec.cat\/ietorrelles\/wp-content\/uploads\/usu2293\/2023\/05\/IMG_3099-min-1536x1152.jpeg 1536w, https:\/\/agora.xtec.cat\/ietorrelles\/wp-content\/uploads\/usu2293\/2023\/05\/IMG_3099-min-2048x1536.jpeg 2048w, https:\/\/agora.xtec.cat\/ietorrelles\/wp-content\/uploads\/usu2293\/2023\/05\/IMG_3099-min-200x150.jpeg 200w\" sizes=\"auto, (max-width: 1024px) 100vw, 1024px\" \/><\/a><\/p>\n","protected":false},"excerpt":{"rendered":"<p>Ahir, les mestres responsables de matem\u00e0tiques de 5\u00e8 i 6\u00e8 ens van fer entrega dels diplomes de participaci\u00f3 de les proves cangur. Les proves Cangur\u00a0\u00e9s una competici\u00f3 preuniversit\u00e0ria de matem\u00e0tiques que s&#8217;organitza en m\u00e9s de 30 pa\u00efsos, amb l&#8217;objectiu d&#8217;acostar les matem\u00e0tiques als m\u00e9s joves&hellip;  <a href=\"https:\/\/agora.xtec.cat\/ietorrelles\/eso-2\/primaria\/entrega-diplomes-proves-cangur-5e-i-6e-de-primaria\/\" title=\"Read ENTREGA DIPLOMES PROVES CANGUR (5\u00e8 i 6\u00e8 de prim\u00e0ria)\">Llegeix m\u00e9s\u00bb<\/a><\/p>\n","protected":false},"author":68,"featured_media":1244,"comment_status":"open","ping_status":"closed","sticky":false,"template":"","format":"standard","meta":{"_bbp_topic_count":0,"_bbp_reply_count":0,"_bbp_total_topic_count":0,"_bbp_total_reply_count":0,"_bbp_voice_count":0,"_bbp_anonymous_reply_count":0,"_bbp_topic_count_hidden":0,"_bbp_reply_count_hidden":0,"_bbp_forum_subforum_count":0,"footnotes":""},"categories":[14,15,5],"tags":[],"class_list":["post-1243","post","type-post","status-publish","format-standard","has-post-thumbnail","hentry","category-5e","category-6e","category-primaria"],"post_mailing_queue_ids":[],"_links":{"self":[{"href":"https:\/\/agora.xtec.cat\/ietorrelles\/wp-json\/wp\/v2\/posts\/1243","targetHints":{"allow":["GET"]}}],"collection":[{"href":"https:\/\/agora.xtec.cat\/ietorrelles\/wp-json\/wp\/v2\/posts"}],"about":[{"href":"https:\/\/agora.xtec.cat\/ietorrelles\/wp-json\/wp\/v2\/types\/post"}],"author":[{"embeddable":true,"href":"https:\/\/agora.xtec.cat\/ietorrelles\/wp-json\/wp\/v2\/users\/68"}],"replies":[{"embeddable":true,"href":"https:\/\/agora.xtec.cat\/ietorrelles\/wp-json\/wp\/v2\/comments?post=1243"}],"version-history":[{"count":1,"href":"https:\/\/agora.xtec.cat\/ietorrelles\/wp-json\/wp\/v2\/posts\/1243\/revisions"}],"predecessor-version":[{"id":1245,"href":"https:\/\/agora.xtec.cat\/ietorrelles\/wp-json\/wp\/v2\/posts\/1243\/revisions\/1245"}],"wp:featuredmedia":[{"embeddable":true,"href":"https:\/\/agora.xtec.cat\/ietorrelles\/wp-json\/wp\/v2\/media\/1244"}],"wp:attachment":[{"href":"https:\/\/agora.xtec.cat\/ietorrelles\/wp-json\/wp\/v2\/media?parent=1243"}],"wp:term":[{"taxonomy":"category","embeddable":true,"href":"https:\/\/agora.xtec.cat\/ietorrelles\/wp-json\/wp\/v2\/categories?post=1243"},{"taxonomy":"post_tag","embeddable":true,"href":"https:\/\/agora.xtec.cat\/ietorrelles\/wp-json\/wp\/v2\/tags?post=1243"}],"curies":[{"name":"wp","href":"https:\/\/api.w.org\/{rel}","templated":true}]}}