{"id":1240,"date":"2023-05-09T09:40:05","date_gmt":"2023-05-09T07:40:05","guid":{"rendered":"https:\/\/agora.xtec.cat\/ietorrelles\/?p=1240"},"modified":"2023-05-09T09:40:05","modified_gmt":"2023-05-09T07:40:05","slug":"comencem-les-competencies-basiques-6e-de-primaria","status":"publish","type":"post","link":"https:\/\/agora.xtec.cat\/ietorrelles\/eso-2\/primaria\/comencem-les-competencies-basiques-6e-de-primaria\/","title":{"rendered":"COMENCEM LES COMPET\u00c8NCIES B\u00c0SIQUES (6\u00e8 de prim\u00e0ria)"},"content":{"rendered":"<p>Les nenes i nens de 6\u00e8 ja estem preparats! Ahir vam comen\u00e7ar les compet\u00e8ncies b\u00e0siques de 6\u00e8 de prim\u00e0ria. Ja hem fet les de llengua catalana, coneixement del medi natural i social. Avui ens toquen les de llengua anglesa i matem\u00e0tiques! Dem\u00e0 acabarem amb llengua castellana. Vinga! Aix\u00f2 ja ho tenim fet!<\/p>\n<p><a href=\"https:\/\/agora.xtec.cat\/ietorrelles\/wp-content\/uploads\/usu2293\/2023\/05\/f6b1970f-2981-4938-b073-e34fa46160d1.jpeg\"><img loading=\"lazy\" decoding=\"async\" class=\"alignnone size-large wp-image-1241\" src=\"https:\/\/agora.xtec.cat\/ietorrelles\/wp-content\/uploads\/usu2293\/2023\/05\/f6b1970f-2981-4938-b073-e34fa46160d1-1024x768.jpeg\" alt=\"\" width=\"1024\" height=\"768\" srcset=\"https:\/\/agora.xtec.cat\/ietorrelles\/wp-content\/uploads\/usu2293\/2023\/05\/f6b1970f-2981-4938-b073-e34fa46160d1-1024x768.jpeg 1024w, https:\/\/agora.xtec.cat\/ietorrelles\/wp-content\/uploads\/usu2293\/2023\/05\/f6b1970f-2981-4938-b073-e34fa46160d1-300x225.jpeg 300w, https:\/\/agora.xtec.cat\/ietorrelles\/wp-content\/uploads\/usu2293\/2023\/05\/f6b1970f-2981-4938-b073-e34fa46160d1-768x576.jpeg 768w, https:\/\/agora.xtec.cat\/ietorrelles\/wp-content\/uploads\/usu2293\/2023\/05\/f6b1970f-2981-4938-b073-e34fa46160d1-200x150.jpeg 200w, https:\/\/agora.xtec.cat\/ietorrelles\/wp-content\/uploads\/usu2293\/2023\/05\/f6b1970f-2981-4938-b073-e34fa46160d1.jpeg 1288w\" sizes=\"auto, (max-width: 1024px) 100vw, 1024px\" \/><\/a><\/p>\n<p>&nbsp;<\/p>\n","protected":false},"excerpt":{"rendered":"<p>Les nenes i nens de 6\u00e8 ja estem preparats! Ahir vam comen\u00e7ar les compet\u00e8ncies b\u00e0siques de 6\u00e8 de prim\u00e0ria. Ja hem fet les de llengua catalana, coneixement del medi natural i social. Avui ens toquen les de llengua anglesa i matem\u00e0tiques! Dem\u00e0 acabarem amb llengua&hellip;  <a href=\"https:\/\/agora.xtec.cat\/ietorrelles\/eso-2\/primaria\/comencem-les-competencies-basiques-6e-de-primaria\/\" title=\"Read COMENCEM LES COMPET\u00c8NCIES B\u00c0SIQUES (6\u00e8 de prim\u00e0ria)\">Llegeix m\u00e9s\u00bb<\/a><\/p>\n","protected":false},"author":68,"featured_media":1241,"comment_status":"open","ping_status":"closed","sticky":false,"template":"","format":"standard","meta":{"_bbp_topic_count":0,"_bbp_reply_count":0,"_bbp_total_topic_count":0,"_bbp_total_reply_count":0,"_bbp_voice_count":0,"_bbp_anonymous_reply_count":0,"_bbp_topic_count_hidden":0,"_bbp_reply_count_hidden":0,"_bbp_forum_subforum_count":0,"footnotes":""},"categories":[15,5],"tags":[],"class_list":["post-1240","post","type-post","status-publish","format-standard","has-post-thumbnail","hentry","category-6e","category-primaria"],"post_mailing_queue_ids":[],"_links":{"self":[{"href":"https:\/\/agora.xtec.cat\/ietorrelles\/wp-json\/wp\/v2\/posts\/1240","targetHints":{"allow":["GET"]}}],"collection":[{"href":"https:\/\/agora.xtec.cat\/ietorrelles\/wp-json\/wp\/v2\/posts"}],"about":[{"href":"https:\/\/agora.xtec.cat\/ietorrelles\/wp-json\/wp\/v2\/types\/post"}],"author":[{"embeddable":true,"href":"https:\/\/agora.xtec.cat\/ietorrelles\/wp-json\/wp\/v2\/users\/68"}],"replies":[{"embeddable":true,"href":"https:\/\/agora.xtec.cat\/ietorrelles\/wp-json\/wp\/v2\/comments?post=1240"}],"version-history":[{"count":1,"href":"https:\/\/agora.xtec.cat\/ietorrelles\/wp-json\/wp\/v2\/posts\/1240\/revisions"}],"predecessor-version":[{"id":1242,"href":"https:\/\/agora.xtec.cat\/ietorrelles\/wp-json\/wp\/v2\/posts\/1240\/revisions\/1242"}],"wp:featuredmedia":[{"embeddable":true,"href":"https:\/\/agora.xtec.cat\/ietorrelles\/wp-json\/wp\/v2\/media\/1241"}],"wp:attachment":[{"href":"https:\/\/agora.xtec.cat\/ietorrelles\/wp-json\/wp\/v2\/media?parent=1240"}],"wp:term":[{"taxonomy":"category","embeddable":true,"href":"https:\/\/agora.xtec.cat\/ietorrelles\/wp-json\/wp\/v2\/categories?post=1240"},{"taxonomy":"post_tag","embeddable":true,"href":"https:\/\/agora.xtec.cat\/ietorrelles\/wp-json\/wp\/v2\/tags?post=1240"}],"curies":[{"name":"wp","href":"https:\/\/api.w.org\/{rel}","templated":true}]}}