{"id":1222,"date":"2023-05-04T08:30:39","date_gmt":"2023-05-04T06:30:39","guid":{"rendered":"https:\/\/agora.xtec.cat\/ietorrelles\/?p=1222"},"modified":"2023-05-03T19:20:16","modified_gmt":"2023-05-03T17:20:16","slug":"trobada-de-1r-i-6e-primaria-a-ledifici-verd","status":"publish","type":"post","link":"https:\/\/agora.xtec.cat\/ietorrelles\/eso-2\/primaria\/trobada-de-1r-i-6e-primaria-a-ledifici-verd\/","title":{"rendered":"TROBADA DE 1r i 6\u00e8 PRIM\u00c0RIA a l&#8217;edifici VERD!!!"},"content":{"rendered":"<p>Avui les nenes i nens de 6\u00e8 hem visitat a les nostres companyes i companys de 1r de prim\u00e0ria per preparar les can\u00e7ons comunes de la Trobada de Corals de Prim\u00e0ria on cantarem\u00a0el dilluns\u00a015 de maig a Can Massallera.<br \/>\nHa estat superbonic poder compartir aquesta experi\u00e8ncia i ha estat molt enriquidor per ambdues parts. Teniu m\u00e9s fotografies a les carpetes corresponents (us anirem penjant m\u00e9s!).<\/p>\n<p><a href=\"https:\/\/agora.xtec.cat\/ietorrelles\/wp-content\/uploads\/usu2293\/2023\/05\/a25af908-34c0-437d-a0b0-543b4fa07ac0.jpg\"><img loading=\"lazy\" decoding=\"async\" class=\"alignnone size-large wp-image-1223\" src=\"https:\/\/agora.xtec.cat\/ietorrelles\/wp-content\/uploads\/usu2293\/2023\/05\/a25af908-34c0-437d-a0b0-543b4fa07ac0-1024x769.jpg\" alt=\"\" width=\"1024\" height=\"769\" srcset=\"https:\/\/agora.xtec.cat\/ietorrelles\/wp-content\/uploads\/usu2293\/2023\/05\/a25af908-34c0-437d-a0b0-543b4fa07ac0-1024x769.jpg 1024w, https:\/\/agora.xtec.cat\/ietorrelles\/wp-content\/uploads\/usu2293\/2023\/05\/a25af908-34c0-437d-a0b0-543b4fa07ac0-300x225.jpg 300w, https:\/\/agora.xtec.cat\/ietorrelles\/wp-content\/uploads\/usu2293\/2023\/05\/a25af908-34c0-437d-a0b0-543b4fa07ac0-768x576.jpg 768w, https:\/\/agora.xtec.cat\/ietorrelles\/wp-content\/uploads\/usu2293\/2023\/05\/a25af908-34c0-437d-a0b0-543b4fa07ac0-1536x1153.jpg 1536w, https:\/\/agora.xtec.cat\/ietorrelles\/wp-content\/uploads\/usu2293\/2023\/05\/a25af908-34c0-437d-a0b0-543b4fa07ac0-200x150.jpg 200w, https:\/\/agora.xtec.cat\/ietorrelles\/wp-content\/uploads\/usu2293\/2023\/05\/a25af908-34c0-437d-a0b0-543b4fa07ac0.jpg 2048w\" sizes=\"auto, (max-width: 1024px) 100vw, 1024px\" \/><\/a><\/p>\n","protected":false},"excerpt":{"rendered":"<p>Avui les nenes i nens de 6\u00e8 hem visitat a les nostres companyes i companys de 1r de prim\u00e0ria per preparar les can\u00e7ons comunes de la Trobada de Corals de Prim\u00e0ria on cantarem\u00a0el dilluns\u00a015 de maig a Can Massallera.<br \/>\nHa estat superbonic poder compartir aquesta experi\u00e8ncia&hellip;  <a href=\"https:\/\/agora.xtec.cat\/ietorrelles\/eso-2\/primaria\/trobada-de-1r-i-6e-primaria-a-ledifici-verd\/\" title=\"Read TROBADA DE 1r i 6\u00e8 PRIM\u00c0RIA a l&#8217;edifici VERD!!!\">Llegeix m\u00e9s\u00bb<\/a><\/p>\n","protected":false},"author":68,"featured_media":1223,"comment_status":"open","ping_status":"closed","sticky":false,"template":"","format":"standard","meta":{"_bbp_topic_count":0,"_bbp_reply_count":0,"_bbp_total_topic_count":0,"_bbp_total_reply_count":0,"_bbp_voice_count":0,"_bbp_anonymous_reply_count":0,"_bbp_topic_count_hidden":0,"_bbp_reply_count_hidden":0,"_bbp_forum_subforum_count":0,"footnotes":""},"categories":[10,15,5],"tags":[],"class_list":["post-1222","post","type-post","status-publish","format-standard","has-post-thumbnail","hentry","category-1r","category-6e","category-primaria"],"post_mailing_queue_ids":[],"_links":{"self":[{"href":"https:\/\/agora.xtec.cat\/ietorrelles\/wp-json\/wp\/v2\/posts\/1222","targetHints":{"allow":["GET"]}}],"collection":[{"href":"https:\/\/agora.xtec.cat\/ietorrelles\/wp-json\/wp\/v2\/posts"}],"about":[{"href":"https:\/\/agora.xtec.cat\/ietorrelles\/wp-json\/wp\/v2\/types\/post"}],"author":[{"embeddable":true,"href":"https:\/\/agora.xtec.cat\/ietorrelles\/wp-json\/wp\/v2\/users\/68"}],"replies":[{"embeddable":true,"href":"https:\/\/agora.xtec.cat\/ietorrelles\/wp-json\/wp\/v2\/comments?post=1222"}],"version-history":[{"count":2,"href":"https:\/\/agora.xtec.cat\/ietorrelles\/wp-json\/wp\/v2\/posts\/1222\/revisions"}],"predecessor-version":[{"id":1225,"href":"https:\/\/agora.xtec.cat\/ietorrelles\/wp-json\/wp\/v2\/posts\/1222\/revisions\/1225"}],"wp:featuredmedia":[{"embeddable":true,"href":"https:\/\/agora.xtec.cat\/ietorrelles\/wp-json\/wp\/v2\/media\/1223"}],"wp:attachment":[{"href":"https:\/\/agora.xtec.cat\/ietorrelles\/wp-json\/wp\/v2\/media?parent=1222"}],"wp:term":[{"taxonomy":"category","embeddable":true,"href":"https:\/\/agora.xtec.cat\/ietorrelles\/wp-json\/wp\/v2\/categories?post=1222"},{"taxonomy":"post_tag","embeddable":true,"href":"https:\/\/agora.xtec.cat\/ietorrelles\/wp-json\/wp\/v2\/tags?post=1222"}],"curies":[{"name":"wp","href":"https:\/\/api.w.org\/{rel}","templated":true}]}}