{"id":1208,"date":"2023-04-28T10:21:48","date_gmt":"2023-04-28T08:21:48","guid":{"rendered":"https:\/\/agora.xtec.cat\/ietorrelles\/?p=1208"},"modified":"2023-04-28T10:23:21","modified_gmt":"2023-04-28T08:23:21","slug":"setmana-literaria-a-linstitut-escola","status":"publish","type":"post","link":"https:\/\/agora.xtec.cat\/ietorrelles\/eso-2\/setmana-literaria-a-linstitut-escola\/","title":{"rendered":"Setmana Liter\u00e0ria a l&#8217;Institut Escola"},"content":{"rendered":"<p>Durant el mes d&#8217;abril i coincidint amb la celebraci\u00f3 de la diada de Sant Jordi, tots els alumnes del centre han participat en la Setmana Liter\u00e0ria i el projecte &#8216;La volta al m\u00f3n en 80 llibres&#8217;. Cada grup classe ha treballat la narrativa d&#8217;un pa\u00eds determinat i entre tots han elaborat dos murals conjunts, un a l&#8217;edifici verd i l&#8217;altre a l&#8217;edifici groc.<\/p>\n<p>Mitjan\u00e7ant la lectura d&#8217;un conte popular, els alumnes s&#8217;han pogut aproximar a la realitat liter\u00e0ria de diferents pa\u00efsos i cultures del m\u00f3n. Una vegada treballat el conte, han realitzat un p\u00f2ster amb els trets principals del pa\u00eds i del conte estudiat.<\/p>\n<p>La setmana liter\u00e0ria va cloure amb la celebraci\u00f3 dels Jocs Florals, el divendres. Tots els alumnes van participar en aquests premis literaris i art\u00edstics en les assignatures de Catal\u00e0, Castell\u00e0, Angl\u00e8s i Visual i Pl\u00e0stica. La tem\u00e0tica del concurs d&#8217;enguany va ser l&#8217;autoestima, estimar-se a un mateix i l&#8217;autoconcepte. Teniu m\u00e9s imatges a la carpeta de la vostra promoci\u00f3.<\/p>\n<p><a href=\"https:\/\/agora.xtec.cat\/ietorrelles\/wp-content\/uploads\/usu2293\/2023\/04\/PXL_20230421_094411650.jpg\"><img loading=\"lazy\" decoding=\"async\" class=\"alignnone size-large wp-image-1209\" src=\"https:\/\/agora.xtec.cat\/ietorrelles\/wp-content\/uploads\/usu2293\/2023\/04\/PXL_20230421_094411650-1024x768.jpg\" alt=\"\" width=\"1024\" height=\"768\" srcset=\"https:\/\/agora.xtec.cat\/ietorrelles\/wp-content\/uploads\/usu2293\/2023\/04\/PXL_20230421_094411650-1024x768.jpg 1024w, https:\/\/agora.xtec.cat\/ietorrelles\/wp-content\/uploads\/usu2293\/2023\/04\/PXL_20230421_094411650-300x225.jpg 300w, https:\/\/agora.xtec.cat\/ietorrelles\/wp-content\/uploads\/usu2293\/2023\/04\/PXL_20230421_094411650-768x576.jpg 768w, https:\/\/agora.xtec.cat\/ietorrelles\/wp-content\/uploads\/usu2293\/2023\/04\/PXL_20230421_094411650-1536x1152.jpg 1536w, https:\/\/agora.xtec.cat\/ietorrelles\/wp-content\/uploads\/usu2293\/2023\/04\/PXL_20230421_094411650-2048x1536.jpg 2048w, https:\/\/agora.xtec.cat\/ietorrelles\/wp-content\/uploads\/usu2293\/2023\/04\/PXL_20230421_094411650-200x150.jpg 200w\" sizes=\"auto, (max-width: 1024px) 100vw, 1024px\" \/><\/a><\/p>\n","protected":false},"excerpt":{"rendered":"<p>Durant el mes d&#8217;abril i coincidint amb la celebraci\u00f3 de la diada de Sant Jordi, tots els alumnes del centre han participat en la Setmana Liter\u00e0ria i el projecte &#8216;La volta al m\u00f3n en 80 llibres&#8217;. Cada grup classe ha treballat la narrativa d&#8217;un pa\u00eds&hellip;  <a href=\"https:\/\/agora.xtec.cat\/ietorrelles\/eso-2\/setmana-literaria-a-linstitut-escola\/\" title=\"Read Setmana Liter\u00e0ria a l&#8217;Institut Escola\">Llegeix m\u00e9s\u00bb<\/a><\/p>\n","protected":false},"author":5,"featured_media":1209,"comment_status":"open","ping_status":"closed","sticky":false,"template":"","format":"standard","meta":{"_bbp_topic_count":0,"_bbp_reply_count":0,"_bbp_total_topic_count":0,"_bbp_total_reply_count":0,"_bbp_voice_count":0,"_bbp_anonymous_reply_count":0,"_bbp_topic_count_hidden":0,"_bbp_reply_count_hidden":0,"_bbp_forum_subforum_count":0,"footnotes":""},"categories":[63,64,65,66,1,5],"tags":[131,129,130],"class_list":["post-1208","post","type-post","status-publish","format-standard","has-post-thumbnail","hentry","category-1r-deso","category-2n-deso","category-3r-deso","category-4t-deso","category-eso-2","category-primaria","tag-festa","tag-sant-jordi","tag-setmana-literaria"],"post_mailing_queue_ids":[],"_links":{"self":[{"href":"https:\/\/agora.xtec.cat\/ietorrelles\/wp-json\/wp\/v2\/posts\/1208","targetHints":{"allow":["GET"]}}],"collection":[{"href":"https:\/\/agora.xtec.cat\/ietorrelles\/wp-json\/wp\/v2\/posts"}],"about":[{"href":"https:\/\/agora.xtec.cat\/ietorrelles\/wp-json\/wp\/v2\/types\/post"}],"author":[{"embeddable":true,"href":"https:\/\/agora.xtec.cat\/ietorrelles\/wp-json\/wp\/v2\/users\/5"}],"replies":[{"embeddable":true,"href":"https:\/\/agora.xtec.cat\/ietorrelles\/wp-json\/wp\/v2\/comments?post=1208"}],"version-history":[{"count":2,"href":"https:\/\/agora.xtec.cat\/ietorrelles\/wp-json\/wp\/v2\/posts\/1208\/revisions"}],"predecessor-version":[{"id":1211,"href":"https:\/\/agora.xtec.cat\/ietorrelles\/wp-json\/wp\/v2\/posts\/1208\/revisions\/1211"}],"wp:featuredmedia":[{"embeddable":true,"href":"https:\/\/agora.xtec.cat\/ietorrelles\/wp-json\/wp\/v2\/media\/1209"}],"wp:attachment":[{"href":"https:\/\/agora.xtec.cat\/ietorrelles\/wp-json\/wp\/v2\/media?parent=1208"}],"wp:term":[{"taxonomy":"category","embeddable":true,"href":"https:\/\/agora.xtec.cat\/ietorrelles\/wp-json\/wp\/v2\/categories?post=1208"},{"taxonomy":"post_tag","embeddable":true,"href":"https:\/\/agora.xtec.cat\/ietorrelles\/wp-json\/wp\/v2\/tags?post=1208"}],"curies":[{"name":"wp","href":"https:\/\/api.w.org\/{rel}","templated":true}]}}