{"id":1170,"date":"2023-04-13T15:44:49","date_gmt":"2023-04-13T13:44:49","guid":{"rendered":"https:\/\/agora.xtec.cat\/ietorrelles\/?p=1170"},"modified":"2023-04-13T15:44:49","modified_gmt":"2023-04-13T13:44:49","slug":"a-punt-de-cantania","status":"publish","type":"post","link":"https:\/\/agora.xtec.cat\/ietorrelles\/eso-2\/primaria\/a-punt-de-cantania\/","title":{"rendered":"A PUNT DE CANT\u00c0NIA"},"content":{"rendered":"<p>Aix\u00f2 ja sona a Cant\u00e0nia.<\/p>\n<p>Aquesta tarda, les nenes i els nens de 5\u00e8 de prim\u00e0ria hem fet el darrer assaig dirigit pel nostre mestre de m\u00fasica l&#8217;Aleix acompanyades de les nostres tutores!<\/p>\n<p>Quines ganes tenim ja del concert! Ara ens falta nom\u00e9s repasar una mica durant aquest cap de setmana&#8230;<\/p>\n<p>Us esperem a totes i a tots el dilluns 17 a la sala Gran de l&#8217;Auditori de Barcelona!<\/p>\n<p>Ser\u00e0 tot un \u00e8xit!<\/p>\n<p><a href=\"https:\/\/agora.xtec.cat\/ietorrelles\/wp-content\/uploads\/usu2293\/2023\/04\/WhatsApp-Image-2023-04-13-at-15.38.52-2.jpeg\"><img loading=\"lazy\" decoding=\"async\" class=\"alignnone size-full wp-image-1171\" src=\"https:\/\/agora.xtec.cat\/ietorrelles\/wp-content\/uploads\/usu2293\/2023\/04\/WhatsApp-Image-2023-04-13-at-15.38.52-2.jpeg\" alt=\"\" width=\"1024\" height=\"768\" srcset=\"https:\/\/agora.xtec.cat\/ietorrelles\/wp-content\/uploads\/usu2293\/2023\/04\/WhatsApp-Image-2023-04-13-at-15.38.52-2.jpeg 1024w, https:\/\/agora.xtec.cat\/ietorrelles\/wp-content\/uploads\/usu2293\/2023\/04\/WhatsApp-Image-2023-04-13-at-15.38.52-2-300x225.jpeg 300w, https:\/\/agora.xtec.cat\/ietorrelles\/wp-content\/uploads\/usu2293\/2023\/04\/WhatsApp-Image-2023-04-13-at-15.38.52-2-768x576.jpeg 768w, https:\/\/agora.xtec.cat\/ietorrelles\/wp-content\/uploads\/usu2293\/2023\/04\/WhatsApp-Image-2023-04-13-at-15.38.52-2-200x150.jpeg 200w\" sizes=\"auto, (max-width: 1024px) 100vw, 1024px\" \/><\/a> <a href=\"https:\/\/agora.xtec.cat\/ietorrelles\/wp-content\/uploads\/usu2293\/2023\/04\/WhatsApp-Image-2023-04-13-at-15.38.52-1.jpeg\"><img loading=\"lazy\" decoding=\"async\" class=\"alignnone size-large wp-image-1172\" src=\"https:\/\/agora.xtec.cat\/ietorrelles\/wp-content\/uploads\/usu2293\/2023\/04\/WhatsApp-Image-2023-04-13-at-15.38.52-1.jpeg\" alt=\"\" width=\"1024\" height=\"768\" srcset=\"https:\/\/agora.xtec.cat\/ietorrelles\/wp-content\/uploads\/usu2293\/2023\/04\/WhatsApp-Image-2023-04-13-at-15.38.52-1.jpeg 1024w, https:\/\/agora.xtec.cat\/ietorrelles\/wp-content\/uploads\/usu2293\/2023\/04\/WhatsApp-Image-2023-04-13-at-15.38.52-1-300x225.jpeg 300w, https:\/\/agora.xtec.cat\/ietorrelles\/wp-content\/uploads\/usu2293\/2023\/04\/WhatsApp-Image-2023-04-13-at-15.38.52-1-768x576.jpeg 768w, https:\/\/agora.xtec.cat\/ietorrelles\/wp-content\/uploads\/usu2293\/2023\/04\/WhatsApp-Image-2023-04-13-at-15.38.52-1-200x150.jpeg 200w\" sizes=\"auto, (max-width: 1024px) 100vw, 1024px\" \/><\/a> <a href=\"https:\/\/agora.xtec.cat\/ietorrelles\/wp-content\/uploads\/usu2293\/2023\/04\/WhatsApp-Image-2023-04-13-at-15.38.52.jpeg\"><img loading=\"lazy\" decoding=\"async\" class=\"alignnone size-large wp-image-1173\" src=\"https:\/\/agora.xtec.cat\/ietorrelles\/wp-content\/uploads\/usu2293\/2023\/04\/WhatsApp-Image-2023-04-13-at-15.38.52.jpeg\" alt=\"\" width=\"1024\" height=\"768\" srcset=\"https:\/\/agora.xtec.cat\/ietorrelles\/wp-content\/uploads\/usu2293\/2023\/04\/WhatsApp-Image-2023-04-13-at-15.38.52.jpeg 1024w, https:\/\/agora.xtec.cat\/ietorrelles\/wp-content\/uploads\/usu2293\/2023\/04\/WhatsApp-Image-2023-04-13-at-15.38.52-300x225.jpeg 300w, https:\/\/agora.xtec.cat\/ietorrelles\/wp-content\/uploads\/usu2293\/2023\/04\/WhatsApp-Image-2023-04-13-at-15.38.52-768x576.jpeg 768w, https:\/\/agora.xtec.cat\/ietorrelles\/wp-content\/uploads\/usu2293\/2023\/04\/WhatsApp-Image-2023-04-13-at-15.38.52-200x150.jpeg 200w\" sizes=\"auto, (max-width: 1024px) 100vw, 1024px\" \/><\/a><\/p>\n","protected":false},"excerpt":{"rendered":"<p>Aix\u00f2 ja sona a Cant\u00e0nia.<br \/>\nAquesta tarda, les nenes i els nens de 5\u00e8 de prim\u00e0ria hem fet el darrer assaig dirigit pel nostre mestre de m\u00fasica l&#8217;Aleix acompanyades de les nostres tutores!<br \/>\nQuines ganes tenim ja del concert! Ara ens falta nom\u00e9s repasar una mica durant&hellip;  <a href=\"https:\/\/agora.xtec.cat\/ietorrelles\/eso-2\/primaria\/a-punt-de-cantania\/\" title=\"Read A PUNT DE CANT\u00c0NIA\">Llegeix m\u00e9s\u00bb<\/a><\/p>\n","protected":false},"author":68,"featured_media":1173,"comment_status":"open","ping_status":"closed","sticky":false,"template":"","format":"standard","meta":{"_bbp_topic_count":0,"_bbp_reply_count":0,"_bbp_total_topic_count":0,"_bbp_total_reply_count":0,"_bbp_voice_count":0,"_bbp_anonymous_reply_count":0,"_bbp_topic_count_hidden":0,"_bbp_reply_count_hidden":0,"_bbp_forum_subforum_count":0,"footnotes":""},"categories":[13,14,15,5],"tags":[],"class_list":["post-1170","post","type-post","status-publish","format-standard","has-post-thumbnail","hentry","category-4t","category-5e","category-6e","category-primaria"],"post_mailing_queue_ids":[],"_links":{"self":[{"href":"https:\/\/agora.xtec.cat\/ietorrelles\/wp-json\/wp\/v2\/posts\/1170","targetHints":{"allow":["GET"]}}],"collection":[{"href":"https:\/\/agora.xtec.cat\/ietorrelles\/wp-json\/wp\/v2\/posts"}],"about":[{"href":"https:\/\/agora.xtec.cat\/ietorrelles\/wp-json\/wp\/v2\/types\/post"}],"author":[{"embeddable":true,"href":"https:\/\/agora.xtec.cat\/ietorrelles\/wp-json\/wp\/v2\/users\/68"}],"replies":[{"embeddable":true,"href":"https:\/\/agora.xtec.cat\/ietorrelles\/wp-json\/wp\/v2\/comments?post=1170"}],"version-history":[{"count":1,"href":"https:\/\/agora.xtec.cat\/ietorrelles\/wp-json\/wp\/v2\/posts\/1170\/revisions"}],"predecessor-version":[{"id":1174,"href":"https:\/\/agora.xtec.cat\/ietorrelles\/wp-json\/wp\/v2\/posts\/1170\/revisions\/1174"}],"wp:featuredmedia":[{"embeddable":true,"href":"https:\/\/agora.xtec.cat\/ietorrelles\/wp-json\/wp\/v2\/media\/1173"}],"wp:attachment":[{"href":"https:\/\/agora.xtec.cat\/ietorrelles\/wp-json\/wp\/v2\/media?parent=1170"}],"wp:term":[{"taxonomy":"category","embeddable":true,"href":"https:\/\/agora.xtec.cat\/ietorrelles\/wp-json\/wp\/v2\/categories?post=1170"},{"taxonomy":"post_tag","embeddable":true,"href":"https:\/\/agora.xtec.cat\/ietorrelles\/wp-json\/wp\/v2\/tags?post=1170"}],"curies":[{"name":"wp","href":"https:\/\/api.w.org\/{rel}","templated":true}]}}