{"id":1150,"date":"2023-03-29T23:06:25","date_gmt":"2023-03-29T21:06:25","guid":{"rendered":"https:\/\/agora.xtec.cat\/ietorrelles\/?p=1150"},"modified":"2023-03-30T00:24:09","modified_gmt":"2023-03-29T22:24:09","slug":"el-personatge-misterios","status":"publish","type":"post","link":"https:\/\/agora.xtec.cat\/ietorrelles\/eso-2\/el-personatge-misterios\/","title":{"rendered":"El personatge misteri\u00f3s"},"content":{"rendered":"<p>Bon dia,<\/p>\n<p>Des de la Comissi\u00f3 de Biblioteca volem agra\u00efr la participaci\u00f3 de tot l&#8217;alumnat a la Segona Edici\u00f3 del Concurs del Personatge Misteri\u00f3s (m\u00e9s informaci\u00f3 sobre l&#8217;activitat, dirigiu-vos al bloc de biblioteca en aquest mateix web).<\/p>\n<p>Les guanyadores del Personatge Misteri\u00f3s d&#8217;aquest segon trlmestre han estat:<\/p>\n<p>&#8211; De la comunitat de petites: Iria de P3B<br \/>\n&#8211; De la comunitat de mitjans: Ian de 2nC<br \/>\n&#8211; De la comunitat de grans: \u00c8ric de 6\u00e8C<br \/>\n&#8211; De la comunitat de Joves: Sof\u00eda de 1rA<\/p>\n<p>-Mestres: Patricia. English teacher.<\/p>\n<p>Enhorabona!<\/p>\n<p>Despr\u00e9s de Setmana Santa iniciarem la 3a Edici\u00f3! Us animem a participar-hi!<span style=\"font-family: inherit; font-size: 1em;\">.<a href=\"https:\/\/agora.xtec.cat\/ietorrelles\/wp-content\/uploads\/usu2293\/2023\/03\/20230328_093655-scaled.jpg\"><img loading=\"lazy\" decoding=\"async\" class=\"alignnone size-large wp-image-1151\" src=\"https:\/\/agora.xtec.cat\/ietorrelles\/wp-content\/uploads\/usu2293\/2023\/03\/20230328_093655-461x1024.jpg\" alt=\"\" width=\"461\" height=\"1024\" srcset=\"https:\/\/agora.xtec.cat\/ietorrelles\/wp-content\/uploads\/usu2293\/2023\/03\/20230328_093655-461x1024.jpg 461w, https:\/\/agora.xtec.cat\/ietorrelles\/wp-content\/uploads\/usu2293\/2023\/03\/20230328_093655-135x300.jpg 135w, https:\/\/agora.xtec.cat\/ietorrelles\/wp-content\/uploads\/usu2293\/2023\/03\/20230328_093655-768x1707.jpg 768w, https:\/\/agora.xtec.cat\/ietorrelles\/wp-content\/uploads\/usu2293\/2023\/03\/20230328_093655-691x1536.jpg 691w, https:\/\/agora.xtec.cat\/ietorrelles\/wp-content\/uploads\/usu2293\/2023\/03\/20230328_093655-922x2048.jpg 922w, https:\/\/agora.xtec.cat\/ietorrelles\/wp-content\/uploads\/usu2293\/2023\/03\/20230328_093655-scaled.jpg 1152w\" sizes=\"auto, (max-width: 461px) 100vw, 461px\" \/><\/a> <a href=\"https:\/\/agora.xtec.cat\/ietorrelles\/wp-content\/uploads\/usu2293\/2023\/03\/20230328_093745-scaled.jpg\"><img loading=\"lazy\" decoding=\"async\" class=\"alignnone size-large wp-image-1153\" src=\"https:\/\/agora.xtec.cat\/ietorrelles\/wp-content\/uploads\/usu2293\/2023\/03\/20230328_093745-461x1024.jpg\" alt=\"\" width=\"461\" height=\"1024\" srcset=\"https:\/\/agora.xtec.cat\/ietorrelles\/wp-content\/uploads\/usu2293\/2023\/03\/20230328_093745-461x1024.jpg 461w, https:\/\/agora.xtec.cat\/ietorrelles\/wp-content\/uploads\/usu2293\/2023\/03\/20230328_093745-135x300.jpg 135w, https:\/\/agora.xtec.cat\/ietorrelles\/wp-content\/uploads\/usu2293\/2023\/03\/20230328_093745-768x1707.jpg 768w, https:\/\/agora.xtec.cat\/ietorrelles\/wp-content\/uploads\/usu2293\/2023\/03\/20230328_093745-691x1536.jpg 691w, https:\/\/agora.xtec.cat\/ietorrelles\/wp-content\/uploads\/usu2293\/2023\/03\/20230328_093745-922x2048.jpg 922w, https:\/\/agora.xtec.cat\/ietorrelles\/wp-content\/uploads\/usu2293\/2023\/03\/20230328_093745-scaled.jpg 1152w\" sizes=\"auto, (max-width: 461px) 100vw, 461px\" \/><\/a> <a href=\"https:\/\/agora.xtec.cat\/ietorrelles\/wp-content\/uploads\/usu2293\/2023\/03\/20230328_094030-scaled.jpg\"><img loading=\"lazy\" decoding=\"async\" class=\"alignnone size-large wp-image-1154\" src=\"https:\/\/agora.xtec.cat\/ietorrelles\/wp-content\/uploads\/usu2293\/2023\/03\/20230328_094030-461x1024.jpg\" alt=\"\" width=\"461\" height=\"1024\" srcset=\"https:\/\/agora.xtec.cat\/ietorrelles\/wp-content\/uploads\/usu2293\/2023\/03\/20230328_094030-461x1024.jpg 461w, https:\/\/agora.xtec.cat\/ietorrelles\/wp-content\/uploads\/usu2293\/2023\/03\/20230328_094030-135x300.jpg 135w, https:\/\/agora.xtec.cat\/ietorrelles\/wp-content\/uploads\/usu2293\/2023\/03\/20230328_094030-768x1707.jpg 768w, https:\/\/agora.xtec.cat\/ietorrelles\/wp-content\/uploads\/usu2293\/2023\/03\/20230328_094030-691x1536.jpg 691w, https:\/\/agora.xtec.cat\/ietorrelles\/wp-content\/uploads\/usu2293\/2023\/03\/20230328_094030-922x2048.jpg 922w, https:\/\/agora.xtec.cat\/ietorrelles\/wp-content\/uploads\/usu2293\/2023\/03\/20230328_094030-scaled.jpg 1152w\" sizes=\"auto, (max-width: 461px) 100vw, 461px\" \/><\/a> <a href=\"https:\/\/agora.xtec.cat\/ietorrelles\/wp-content\/uploads\/usu2293\/2023\/03\/20230328_104505-scaled.jpg\"><img loading=\"lazy\" decoding=\"async\" class=\"alignnone size-large wp-image-1155\" src=\"https:\/\/agora.xtec.cat\/ietorrelles\/wp-content\/uploads\/usu2293\/2023\/03\/20230328_104505-461x1024.jpg\" alt=\"\" width=\"461\" height=\"1024\" srcset=\"https:\/\/agora.xtec.cat\/ietorrelles\/wp-content\/uploads\/usu2293\/2023\/03\/20230328_104505-461x1024.jpg 461w, https:\/\/agora.xtec.cat\/ietorrelles\/wp-content\/uploads\/usu2293\/2023\/03\/20230328_104505-135x300.jpg 135w, https:\/\/agora.xtec.cat\/ietorrelles\/wp-content\/uploads\/usu2293\/2023\/03\/20230328_104505-768x1707.jpg 768w, https:\/\/agora.xtec.cat\/ietorrelles\/wp-content\/uploads\/usu2293\/2023\/03\/20230328_104505-691x1536.jpg 691w, https:\/\/agora.xtec.cat\/ietorrelles\/wp-content\/uploads\/usu2293\/2023\/03\/20230328_104505-922x2048.jpg 922w, https:\/\/agora.xtec.cat\/ietorrelles\/wp-content\/uploads\/usu2293\/2023\/03\/20230328_104505-scaled.jpg 1152w\" sizes=\"auto, (max-width: 461px) 100vw, 461px\" \/><\/a> <a href=\"https:\/\/agora.xtec.cat\/ietorrelles\/wp-content\/uploads\/usu2293\/2023\/03\/20230328_104651-scaled.jpg\"><img loading=\"lazy\" decoding=\"async\" class=\"alignnone size-large wp-image-1156\" src=\"https:\/\/agora.xtec.cat\/ietorrelles\/wp-content\/uploads\/usu2293\/2023\/03\/20230328_104651-461x1024.jpg\" alt=\"\" width=\"461\" height=\"1024\" srcset=\"https:\/\/agora.xtec.cat\/ietorrelles\/wp-content\/uploads\/usu2293\/2023\/03\/20230328_104651-461x1024.jpg 461w, https:\/\/agora.xtec.cat\/ietorrelles\/wp-content\/uploads\/usu2293\/2023\/03\/20230328_104651-135x300.jpg 135w, https:\/\/agora.xtec.cat\/ietorrelles\/wp-content\/uploads\/usu2293\/2023\/03\/20230328_104651-768x1707.jpg 768w, https:\/\/agora.xtec.cat\/ietorrelles\/wp-content\/uploads\/usu2293\/2023\/03\/20230328_104651-691x1536.jpg 691w, https:\/\/agora.xtec.cat\/ietorrelles\/wp-content\/uploads\/usu2293\/2023\/03\/20230328_104651-922x2048.jpg 922w, https:\/\/agora.xtec.cat\/ietorrelles\/wp-content\/uploads\/usu2293\/2023\/03\/20230328_104651-scaled.jpg 1152w\" sizes=\"auto, (max-width: 461px) 100vw, 461px\" \/><\/a><\/span><\/p>\n","protected":false},"excerpt":{"rendered":"<p>Bon dia,<br \/>\nDes de la Comissi\u00f3 de Biblioteca volem agra\u00efr la participaci\u00f3 de tot l&#8217;alumnat a la Segona Edici\u00f3 del Concurs del Personatge Misteri\u00f3s (m\u00e9s informaci\u00f3 sobre l&#8217;activitat, dirigiu-vos al bloc de biblioteca en aquest mateix web).<br \/>\nLes guanyadores del Personatge Misteri\u00f3s d&#8217;aquest segon trlmestre han estat:<br \/>\n&#8211;&hellip;  <a href=\"https:\/\/agora.xtec.cat\/ietorrelles\/eso-2\/el-personatge-misterios\/\" title=\"Read El personatge misteri\u00f3s\">Llegeix m\u00e9s\u00bb<\/a><\/p>\n","protected":false},"author":1,"featured_media":0,"comment_status":"open","ping_status":"closed","sticky":false,"template":"","format":"standard","meta":{"_bbp_topic_count":0,"_bbp_reply_count":0,"_bbp_total_topic_count":0,"_bbp_total_reply_count":0,"_bbp_voice_count":0,"_bbp_anonymous_reply_count":0,"_bbp_topic_count_hidden":0,"_bbp_reply_count_hidden":0,"_bbp_forum_subforum_count":0,"footnotes":""},"categories":[10,63,11,64,12,65,13,66,14,15,7,1,3,8,9,2,5],"tags":[],"class_list":["post-1150","post","type-post","status-publish","format-standard","hentry","category-1r","category-1r-deso","category-2n","category-2n-deso","category-3r","category-3r-deso","category-4t","category-4t-deso","category-5e","category-6e","category-ampa","category-eso-2","category-i3","category-i4","category-i5","category-infantil","category-primaria"],"post_mailing_queue_ids":[],"_links":{"self":[{"href":"https:\/\/agora.xtec.cat\/ietorrelles\/wp-json\/wp\/v2\/posts\/1150","targetHints":{"allow":["GET"]}}],"collection":[{"href":"https:\/\/agora.xtec.cat\/ietorrelles\/wp-json\/wp\/v2\/posts"}],"about":[{"href":"https:\/\/agora.xtec.cat\/ietorrelles\/wp-json\/wp\/v2\/types\/post"}],"author":[{"embeddable":true,"href":"https:\/\/agora.xtec.cat\/ietorrelles\/wp-json\/wp\/v2\/users\/1"}],"replies":[{"embeddable":true,"href":"https:\/\/agora.xtec.cat\/ietorrelles\/wp-json\/wp\/v2\/comments?post=1150"}],"version-history":[{"count":2,"href":"https:\/\/agora.xtec.cat\/ietorrelles\/wp-json\/wp\/v2\/posts\/1150\/revisions"}],"predecessor-version":[{"id":1158,"href":"https:\/\/agora.xtec.cat\/ietorrelles\/wp-json\/wp\/v2\/posts\/1150\/revisions\/1158"}],"wp:attachment":[{"href":"https:\/\/agora.xtec.cat\/ietorrelles\/wp-json\/wp\/v2\/media?parent=1150"}],"wp:term":[{"taxonomy":"category","embeddable":true,"href":"https:\/\/agora.xtec.cat\/ietorrelles\/wp-json\/wp\/v2\/categories?post=1150"},{"taxonomy":"post_tag","embeddable":true,"href":"https:\/\/agora.xtec.cat\/ietorrelles\/wp-json\/wp\/v2\/tags?post=1150"}],"curies":[{"name":"wp","href":"https:\/\/api.w.org\/{rel}","templated":true}]}}